{"id":823,"date":"2023-07-06T10:30:19","date_gmt":"2023-07-06T15:30:19","guid":{"rendered":"https:\/\/www.tarahexecutive.com\/?p=823"},"modified":"2023-08-01T14:05:10","modified_gmt":"2023-08-01T19:05:10","slug":"responsabilidad-social-como-valor-empresarial","status":"publish","type":"post","link":"https:\/\/www.tarahexecutive.com\/es\/blog\/responsabilidad-social-como-valor-empresarial\/","title":{"rendered":"Responsabilidad social como valor empresarial"},"content":{"rendered":"<p>En la actualidad, cada vez m\u00e1s empresas reconocen la importancia de la responsabilidad social como un valor fundamental para su \u00e9xito a largo plazo. La Responsabilidad Social Empresarial (RSE) va m\u00e1s all\u00e1 de buscar solo beneficios econ\u00f3micos y se enfoca en el impacto positivo que una empresa puede tener en la sociedad y el medio ambiente. En este art\u00edculo, exploraremos ampliamente el concepto de responsabilidad social como valor empresarial, examinando varios subtemas y destacando la importancia de cada uno de ellos.<\/p>\n<h2>La importancia de la responsabilidad social empresarial<\/h2>\n<p>La responsabilidad social empresarial no solo beneficia a la sociedad y al medio ambiente, sino que tambi\u00e9n tiene ventajas significativas para las propias empresas. Una empresa que abraza la responsabilidad social demuestra su compromiso con valores \u00e9ticos, lo que puede generar una mayor confianza y lealtad de los clientes.<\/p>\n<p>Adem\u00e1s, las empresas socialmente responsables a menudo atraen y retienen talento altamente calificado, ya que los empleados buscan organizaciones que compartan sus valores.<\/p>\n<h3>El cuidado del medio ambiente y la sostenibilidad<\/h3>\n<p>La sostenibilidad ambiental es otro aspecto clave de la responsabilidad social empresarial. Las empresas deben buscar minimizar su huella de carbono y adoptar pr\u00e1cticas ecoamigables en sus operaciones.<\/p>\n<p>Esto implica implementar medidas de eficiencia energ\u00e9tica, reciclaje, uso responsable de recursos naturales y reducci\u00f3n de emisiones contaminantes.<\/p>\n<p>Al asumir un papel de liderazgo en la protecci\u00f3n del medio ambiente, las empresas pueden influir positivamente en la sociedad y ser un ejemplo para otros actores del mercado.<\/p>\n<h3>\u00c9tica en los negocios y gobernanza corporativa<\/h3>\n<p>La responsabilidad social tambi\u00e9n implica una conducta \u00e9tica en los negocios y una s\u00f3lida gobernanza corporativa. Las empresas deben actuar con transparencia, integridad y respeto hacia todos los grupos de inter\u00e9s, incluyendo clientes, empleados, proveedores y accionistas.<\/p>\n<p>La adhesi\u00f3n a altos est\u00e1ndares \u00e9ticos garantiza una reputaci\u00f3n s\u00f3lida y una relaci\u00f3n de confianza con los diferentes actores del mercado.<\/p>\n<h2>Beneficios de la responsabilidad social<\/h2>\n<div class=\"message\">\n<div class=\"content\" tabindex=\"0\">\n<div class=\"ac-container ac-adaptiveCard\">\n<div class=\"ac-textBlock\">\n<p>La responsabilidad social tiene m\u00faltiples beneficios para las empresas. Entre ellos, se encuentra la mejora de la reputaci\u00f3n e imagen corporativa, lo que a su vez genera mayor confianza y lealtad por parte de los clientes, proveedores, empleados, inversores y la sociedad en general. Adem\u00e1s, se incrementa la competitividad y la rentabilidad mediante la optimizaci\u00f3n de recursos, la reducci\u00f3n de costos, el aumento de la productividad, la diferenciaci\u00f3n de productos y servicios, y el acceso a nuevos mercados y oportunidades de negocio.<\/p>\n<p>Otro beneficio importante es el fomento del desarrollo del capital humano. Esto se logra al mejorar el clima laboral, la motivaci\u00f3n, el compromiso, la retenci\u00f3n y la atracci\u00f3n del talento, as\u00ed como mediante la formaci\u00f3n y el desarrollo profesional de los trabajadores.<\/p>\n<p>Asimismo, la responsabilidad social fortalece las relaciones con los grupos de inter\u00e9s. Esto se logra mediante el establecimiento de un di\u00e1logo permanente y constructivo, la identificaci\u00f3n de las expectativas y necesidades de dichos grupos, y la satisfacci\u00f3n equilibrada y responsable de las mismas.<\/p>\n<p>Por \u00faltimo, la responsabilidad social contribuye al desarrollo sostenible. Esto implica minimizar los impactos negativos y maximizar los impactos positivos de la actividad empresarial en el entorno social, ambiental y econ\u00f3mico.<\/p>\n<h2>Como implementar la responsabilidad social como valor empresarial<\/h2>\n<ul>\n<li>Definir una misi\u00f3n, visi\u00f3n y valores corporativos que reflejen su compromiso con la responsabilidad social.<\/li>\n<li>Establecer una pol\u00edtica y una estrategia de responsabilidad social que orienten las decisiones y acciones de la empresa en todos los niveles y \u00e1reas.<\/li>\n<li>Identificar y analizar los grupos de inter\u00e9s relevantes para la empresa y sus expectativas y necesidades.<\/li>\n<li>Evaluar el desempe\u00f1o social, ambiental y econ\u00f3mico de la empresa mediante indicadores e informes que permitan medir los resultados y el impacto de sus acciones.<\/li>\n<li>Comunicar de forma transparente y veraz las actividades, logros y desaf\u00edos de la empresa en materia de responsabilidad social a sus grupos de inter\u00e9s internos y externos.<\/li>\n<li>Promover una cultura de responsabilidad social en toda la organizaci\u00f3n, involucrando a todos los empleados en el cumplimiento de los objetivos y valores sociales.<\/li>\n<li>Fomentar la participaci\u00f3n y colaboraci\u00f3n con otros actores sociales, como organizaciones no gubernamentales, instituciones p\u00fablicas, medios de comunicaci\u00f3n, academia y sociedad civil.<\/li>\n<\/ul>\n<p>La responsabilidad social es un valor empresarial que implica un cambio de paradigma en la forma de hacer negocios. No se trata solo de cumplir con la ley o hacer filantrop\u00eda, sino de integrar el bienestar social, ambiental y econ\u00f3mico en el ADN de la empresa.<\/p>\n<p>De esta forma, las empresas pueden generar un impacto positivo en la sociedad y el planeta, al mismo tiempo que crean valor para s\u00ed mismas y sus grupos de inter\u00e9s. La responsabilidad social es una inversi\u00f3n rentable para las empresas que quieren ser l\u00edderes en el siglo XXI.<\/p>\n<p>Si te interesan este tema y otros relacionados con recursos humanos, te invitamos a que sigas nuestro\u00a0<a href=\"https:\/\/www.tarahexecutive.com\/es\/blog\/\">blog<\/a>, tambi\u00e9n puedes seguirnos en nuestras redes sociales\u00a0<a href=\"https:\/\/www.facebook.com\/tarahreclutamiento\/\" target=\"_blank\" rel=\"noopener\">@TarahReclutamiento<\/a>.<\/p>\n<\/div>\n<\/div>\n<\/div>\n<\/div>\n<div class=\"content footer\">\n<div class=\"text\"><\/div>\n<\/div>","protected":false},"excerpt":{"rendered":"<p>En la actualidad, cada vez m\u00e1s empresas reconocen la importancia de la responsabilidad social como un valor fundamental para su \u00e9xito a largo plazo. La Responsabilidad Social Empresarial (RSE) va m\u00e1s all\u00e1 de buscar solo beneficios econ\u00f3micos y se enfoca en el impacto positivo que una empresa puede tener en la sociedad y el medio&#8230;<\/p>","protected":false},"author":2,"featured_media":825,"comment_status":"closed","ping_status":"open","sticky":false,"template":"","format":"standard","meta":{"footnotes":""},"categories":[1],"tags":[],"class_list":["post-823","post","type-post","status-publish","format-standard","has-post-thumbnail","hentry","category-blog"],"yoast_head":"\n<title>Responsabilidad social como valor empresarial | Tarah<\/title>\n<meta name=\"description\" content=\"En este art\u00edculo, exploraremos ampliamente el concepto de responsabilidad social como valor empresarial, examinando varios subtemas.\" \/>\n<meta name=\"robots\" content=\"index, follow, max-snippet:-1, max-image-preview:large, max-video-preview:-1\" \/>\n<link rel=\"canonical\" href=\"https:\/\/www.tarahexecutive.com\/es\/blog\/responsabilidad-social-como-valor-empresarial\/\" \/>\n<meta property=\"og:locale\" content=\"es_MX\" \/>\n<meta property=\"og:type\" content=\"article\" \/>\n<meta property=\"og:title\" content=\"Responsabilidad social como valor empresarial\" \/>\n<meta property=\"og:description\" content=\"En este art\u00edculo, exploraremos ampliamente el concepto de responsabilidad social como valor empresarial, examinando varios subtemas.\" \/>\n<meta property=\"og:url\" content=\"https:\/\/www.tarahexecutive.com\/es\/blog\/responsabilidad-social-como-valor-empresarial\/\" \/>\n<meta property=\"og:site_name\" content=\"Tarah\" \/>\n<meta property=\"article:publisher\" content=\"https:\/\/www.facebook.com\/tarahreclutamiento\/\" \/>\n<meta property=\"article:published_time\" content=\"2023-07-06T15:30:19+00:00\" \/>\n<meta property=\"article:modified_time\" content=\"2023-08-01T19:05:10+00:00\" \/>\n<meta property=\"og:image\" content=\"https:\/\/www.tarahexecutive.com\/archivos\/2023\/07\/Responsabilidad-social-como-valor-empresarial.webp\" \/>\n\t<meta property=\"og:image:width\" content=\"1280\" \/>\n\t<meta property=\"og:image:height\" content=\"1080\" \/>\n\t<meta property=\"og:image:type\" content=\"image\/webp\" \/>\n<meta name=\"author\" content=\"Master\" \/>\n<meta name=\"twitter:card\" content=\"summary_large_image\" \/>\n<meta name=\"twitter:label1\" content=\"Escrito por\" \/>\n\t<meta name=\"twitter:data1\" content=\"Master\" \/>\n\t<meta name=\"twitter:label2\" content=\"Tiempo de lectura\" \/>\n\t<meta name=\"twitter:data2\" content=\"4 minutos\" \/>\n<script type=\"application\/ld+json\" class=\"yoast-schema-graph\">{\"@context\":\"https:\/\/schema.org\",\"@graph\":[{\"@type\":\"Article\",\"@id\":\"https:\/\/www.tarahexecutive.com\/blog\/responsabilidad-social-como-valor-empresarial\/#article\",\"isPartOf\":{\"@id\":\"https:\/\/www.tarahexecutive.com\/blog\/responsabilidad-social-como-valor-empresarial\/\"},\"author\":{\"name\":\"Master\",\"@id\":\"https:\/\/www.tarahexecutive.com\/#\/schema\/person\/6044266e022095cf19e23648aba21375\"},\"headline\":\"Responsabilidad social como valor empresarial\",\"datePublished\":\"2023-07-06T15:30:19+00:00\",\"dateModified\":\"2023-08-01T19:05:10+00:00\",\"mainEntityOfPage\":{\"@id\":\"https:\/\/www.tarahexecutive.com\/blog\/responsabilidad-social-como-valor-empresarial\/\"},\"wordCount\":849,\"publisher\":{\"@id\":\"https:\/\/www.tarahexecutive.com\/#organization\"},\"image\":{\"@id\":\"https:\/\/www.tarahexecutive.com\/blog\/responsabilidad-social-como-valor-empresarial\/#primaryimage\"},\"thumbnailUrl\":\"https:\/\/www.tarahexecutive.com\/archivos\/2023\/07\/Responsabilidad-social-como-valor-empresarial.webp\",\"articleSection\":[\"Blog\"],\"inLanguage\":\"es\"},{\"@type\":\"WebPage\",\"@id\":\"https:\/\/www.tarahexecutive.com\/blog\/responsabilidad-social-como-valor-empresarial\/\",\"url\":\"https:\/\/www.tarahexecutive.com\/blog\/responsabilidad-social-como-valor-empresarial\/\",\"name\":\"Responsabilidad social como valor empresarial | Tarah\",\"isPartOf\":{\"@id\":\"https:\/\/www.tarahexecutive.com\/#website\"},\"primaryImageOfPage\":{\"@id\":\"https:\/\/www.tarahexecutive.com\/blog\/responsabilidad-social-como-valor-empresarial\/#primaryimage\"},\"image\":{\"@id\":\"https:\/\/www.tarahexecutive.com\/blog\/responsabilidad-social-como-valor-empresarial\/#primaryimage\"},\"thumbnailUrl\":\"https:\/\/www.tarahexecutive.com\/archivos\/2023\/07\/Responsabilidad-social-como-valor-empresarial.webp\",\"datePublished\":\"2023-07-06T15:30:19+00:00\",\"dateModified\":\"2023-08-01T19:05:10+00:00\",\"description\":\"En este art\u00edculo, exploraremos ampliamente el concepto de responsabilidad social como valor empresarial, examinando varios subtemas.\",\"breadcrumb\":{\"@id\":\"https:\/\/www.tarahexecutive.com\/blog\/responsabilidad-social-como-valor-empresarial\/#breadcrumb\"},\"inLanguage\":\"es\",\"potentialAction\":[{\"@type\":\"ReadAction\",\"target\":[\"https:\/\/www.tarahexecutive.com\/blog\/responsabilidad-social-como-valor-empresarial\/\"]}]},{\"@type\":\"ImageObject\",\"inLanguage\":\"es\",\"@id\":\"https:\/\/www.tarahexecutive.com\/blog\/responsabilidad-social-como-valor-empresarial\/#primaryimage\",\"url\":\"https:\/\/www.tarahexecutive.com\/archivos\/2023\/07\/Responsabilidad-social-como-valor-empresarial.webp\",\"contentUrl\":\"https:\/\/www.tarahexecutive.com\/archivos\/2023\/07\/Responsabilidad-social-como-valor-empresarial.webp\",\"width\":1280,\"height\":1080,\"caption\":\"Responsabilidad social como valor empresarial\"},{\"@type\":\"BreadcrumbList\",\"@id\":\"https:\/\/www.tarahexecutive.com\/blog\/responsabilidad-social-como-valor-empresarial\/#breadcrumb\",\"itemListElement\":[{\"@type\":\"ListItem\",\"position\":1,\"name\":\"Home\",\"item\":\"https:\/\/www.tarahexecutive.com\/\"},{\"@type\":\"ListItem\",\"position\":2,\"name\":\"Responsabilidad social como valor empresarial\"}]},{\"@type\":\"WebSite\",\"@id\":\"https:\/\/www.tarahexecutive.com\/#website\",\"url\":\"https:\/\/www.tarahexecutive.com\/\",\"name\":\"TARAH\",\"description\":\"Servicio de reclutamiento ejecutivo en M\u00e9xico\",\"publisher\":{\"@id\":\"https:\/\/www.tarahexecutive.com\/#organization\"},\"potentialAction\":[{\"@type\":\"SearchAction\",\"target\":{\"@type\":\"EntryPoint\",\"urlTemplate\":\"https:\/\/www.tarahexecutive.com\/?s={search_term_string}\"},\"query-input\":{\"@type\":\"PropertyValueSpecification\",\"valueRequired\":true,\"valueName\":\"search_term_string\"}}],\"inLanguage\":\"es\"},{\"@type\":[\"Organization\",\"Place\"],\"@id\":\"https:\/\/www.tarahexecutive.com\/#organization\",\"name\":\"TARAH\",\"url\":\"https:\/\/www.tarahexecutive.com\/\",\"logo\":{\"@id\":\"https:\/\/www.tarahexecutive.com\/blog\/responsabilidad-social-como-valor-empresarial\/#local-main-organization-logo\"},\"image\":{\"@id\":\"https:\/\/www.tarahexecutive.com\/blog\/responsabilidad-social-como-valor-empresarial\/#local-main-organization-logo\"},\"sameAs\":[\"https:\/\/www.facebook.com\/tarahreclutamiento\/\",\"https:\/\/mx.linkedin.com\/company\/tarahsearch\",\"https:\/\/www.instagram.com\/tarah.executive\/\"],\"address\":{\"@id\":\"https:\/\/www.tarahexecutive.com\/blog\/responsabilidad-social-como-valor-empresarial\/#local-main-place-address\"},\"geo\":{\"@type\":\"GeoCoordinates\",\"latitude\":\"31.6819508\",\"longitude\":\"-106.3946517\"},\"telephone\":[\"+526561000909\"],\"openingHoursSpecification\":[],\"email\":\"cristina@www.tarahexecutive.com\"},{\"@type\":\"Person\",\"@id\":\"https:\/\/www.tarahexecutive.com\/#\/schema\/person\/6044266e022095cf19e23648aba21375\",\"name\":\"Master\"},{\"@type\":\"PostalAddress\",\"@id\":\"https:\/\/www.tarahexecutive.com\/blog\/responsabilidad-social-como-valor-empresarial\/#local-main-place-address\",\"streetAddress\":\"Plaza San Luis, Av. Ej\u00e9rcito Nacional 9781, Partido Senec\u00fa\",\"addressLocality\":\"Ciudad Ju\u00e1rez\",\"postalCode\":\"32459\",\"addressRegion\":\"Chihuahua\",\"addressCountry\":\"MX\"},{\"@type\":\"ImageObject\",\"inLanguage\":\"es\",\"@id\":\"https:\/\/www.tarahexecutive.com\/blog\/responsabilidad-social-como-valor-empresarial\/#local-main-organization-logo\",\"url\":\"https:\/\/www.tarahexecutive.com\/archivos\/2022\/11\/Tarah.jpg\",\"contentUrl\":\"https:\/\/www.tarahexecutive.com\/archivos\/2022\/11\/Tarah.jpg\",\"width\":1200,\"height\":1200,\"caption\":\"TARAH\"}]}<\/script>\n<meta name=\"geo.placename\" content=\"Ciudad Ju\u00e1rez\" \/>\n<meta name=\"geo.position\" content=\"31.6819508;-106.3946517\" \/>\n<meta name=\"geo.region\" content=\"M\u00e9xico\" \/>\n","yoast_head_json":{"title":"Responsabilidad social como valor empresarial | Tarah","description":"En este art\u00edculo, exploraremos ampliamente el concepto de responsabilidad social como valor empresarial, examinando varios subtemas.","robots":{"index":"index","follow":"follow","max-snippet":"max-snippet:-1","max-image-preview":"max-image-preview:large","max-video-preview":"max-video-preview:-1"},"canonical":"https:\/\/www.tarahexecutive.com\/es\/blog\/responsabilidad-social-como-valor-empresarial\/","og_locale":"es_MX","og_type":"article","og_title":"Responsabilidad social como valor empresarial","og_description":"En este art\u00edculo, exploraremos ampliamente el concepto de responsabilidad social como valor empresarial, examinando varios subtemas.","og_url":"https:\/\/www.tarahexecutive.com\/es\/blog\/responsabilidad-social-como-valor-empresarial\/","og_site_name":"Tarah","article_publisher":"https:\/\/www.facebook.com\/tarahreclutamiento\/","article_published_time":"2023-07-06T15:30:19+00:00","article_modified_time":"2023-08-01T19:05:10+00:00","og_image":[{"width":1280,"height":1080,"url":"https:\/\/www.tarahexecutive.com\/archivos\/2023\/07\/Responsabilidad-social-como-valor-empresarial.webp","type":"image\/webp"}],"author":"Master","twitter_card":"summary_large_image","twitter_misc":{"Escrito por":"Master","Tiempo de lectura":"4 minutos"},"schema":{"@context":"https:\/\/schema.org","@graph":[{"@type":"Article","@id":"https:\/\/www.tarahexecutive.com\/blog\/responsabilidad-social-como-valor-empresarial\/#article","isPartOf":{"@id":"https:\/\/www.tarahexecutive.com\/blog\/responsabilidad-social-como-valor-empresarial\/"},"author":{"name":"Master","@id":"https:\/\/www.tarahexecutive.com\/#\/schema\/person\/6044266e022095cf19e23648aba21375"},"headline":"Responsabilidad social como valor empresarial","datePublished":"2023-07-06T15:30:19+00:00","dateModified":"2023-08-01T19:05:10+00:00","mainEntityOfPage":{"@id":"https:\/\/www.tarahexecutive.com\/blog\/responsabilidad-social-como-valor-empresarial\/"},"wordCount":849,"publisher":{"@id":"https:\/\/www.tarahexecutive.com\/#organization"},"image":{"@id":"https:\/\/www.tarahexecutive.com\/blog\/responsabilidad-social-como-valor-empresarial\/#primaryimage"},"thumbnailUrl":"https:\/\/www.tarahexecutive.com\/archivos\/2023\/07\/Responsabilidad-social-como-valor-empresarial.webp","articleSection":["Blog"],"inLanguage":"es"},{"@type":"WebPage","@id":"https:\/\/www.tarahexecutive.com\/blog\/responsabilidad-social-como-valor-empresarial\/","url":"https:\/\/www.tarahexecutive.com\/blog\/responsabilidad-social-como-valor-empresarial\/","name":"Responsabilidad social como valor empresarial | Tarah","isPartOf":{"@id":"https:\/\/www.tarahexecutive.com\/#website"},"primaryImageOfPage":{"@id":"https:\/\/www.tarahexecutive.com\/blog\/responsabilidad-social-como-valor-empresarial\/#primaryimage"},"image":{"@id":"https:\/\/www.tarahexecutive.com\/blog\/responsabilidad-social-como-valor-empresarial\/#primaryimage"},"thumbnailUrl":"https:\/\/www.tarahexecutive.com\/archivos\/2023\/07\/Responsabilidad-social-como-valor-empresarial.webp","datePublished":"2023-07-06T15:30:19+00:00","dateModified":"2023-08-01T19:05:10+00:00","description":"En este art\u00edculo, exploraremos ampliamente el concepto de responsabilidad social como valor empresarial, examinando varios subtemas.","breadcrumb":{"@id":"https:\/\/www.tarahexecutive.com\/blog\/responsabilidad-social-como-valor-empresarial\/#breadcrumb"},"inLanguage":"es","potentialAction":[{"@type":"ReadAction","target":["https:\/\/www.tarahexecutive.com\/blog\/responsabilidad-social-como-valor-empresarial\/"]}]},{"@type":"ImageObject","inLanguage":"es","@id":"https:\/\/www.tarahexecutive.com\/blog\/responsabilidad-social-como-valor-empresarial\/#primaryimage","url":"https:\/\/www.tarahexecutive.com\/archivos\/2023\/07\/Responsabilidad-social-como-valor-empresarial.webp","contentUrl":"https:\/\/www.tarahexecutive.com\/archivos\/2023\/07\/Responsabilidad-social-como-valor-empresarial.webp","width":1280,"height":1080,"caption":"Responsabilidad social como valor empresarial"},{"@type":"BreadcrumbList","@id":"https:\/\/www.tarahexecutive.com\/blog\/responsabilidad-social-como-valor-empresarial\/#breadcrumb","itemListElement":[{"@type":"ListItem","position":1,"name":"Home","item":"https:\/\/www.tarahexecutive.com\/"},{"@type":"ListItem","position":2,"name":"Responsabilidad social como valor empresarial"}]},{"@type":"WebSite","@id":"https:\/\/www.tarahexecutive.com\/#website","url":"https:\/\/www.tarahexecutive.com\/","name":"TARAH","description":"Servicio de reclutamiento ejecutivo en M\u00e9xico","publisher":{"@id":"https:\/\/www.tarahexecutive.com\/#organization"},"potentialAction":[{"@type":"SearchAction","target":{"@type":"EntryPoint","urlTemplate":"https:\/\/www.tarahexecutive.com\/?s={search_term_string}"},"query-input":{"@type":"PropertyValueSpecification","valueRequired":true,"valueName":"search_term_string"}}],"inLanguage":"es"},{"@type":["Organization","Place"],"@id":"https:\/\/www.tarahexecutive.com\/#organization","name":"TARAH","url":"https:\/\/www.tarahexecutive.com\/","logo":{"@id":"https:\/\/www.tarahexecutive.com\/blog\/responsabilidad-social-como-valor-empresarial\/#local-main-organization-logo"},"image":{"@id":"https:\/\/www.tarahexecutive.com\/blog\/responsabilidad-social-como-valor-empresarial\/#local-main-organization-logo"},"sameAs":["https:\/\/www.facebook.com\/tarahreclutamiento\/","https:\/\/mx.linkedin.com\/company\/tarahsearch","https:\/\/www.instagram.com\/tarah.executive\/"],"address":{"@id":"https:\/\/www.tarahexecutive.com\/blog\/responsabilidad-social-como-valor-empresarial\/#local-main-place-address"},"geo":{"@type":"GeoCoordinates","latitude":"31.6819508","longitude":"-106.3946517"},"telephone":["+526561000909"],"openingHoursSpecification":[],"email":"cristina@www.tarahexecutive.com"},{"@type":"Person","@id":"https:\/\/www.tarahexecutive.com\/#\/schema\/person\/6044266e022095cf19e23648aba21375","name":"Master"},{"@type":"PostalAddress","@id":"https:\/\/www.tarahexecutive.com\/blog\/responsabilidad-social-como-valor-empresarial\/#local-main-place-address","streetAddress":"Plaza San Luis, Av. Ej\u00e9rcito Nacional 9781, Partido Senec\u00fa","addressLocality":"Ciudad Ju\u00e1rez","postalCode":"32459","addressRegion":"Chihuahua","addressCountry":"MX"},{"@type":"ImageObject","inLanguage":"es","@id":"https:\/\/www.tarahexecutive.com\/blog\/responsabilidad-social-como-valor-empresarial\/#local-main-organization-logo","url":"https:\/\/www.tarahexecutive.com\/archivos\/2022\/11\/Tarah.jpg","contentUrl":"https:\/\/www.tarahexecutive.com\/archivos\/2022\/11\/Tarah.jpg","width":1200,"height":1200,"caption":"TARAH"}]},"geo.placename":"Ciudad Ju\u00e1rez","geo.position":{"lat":"31.6819508","long":"-106.3946517"},"geo.region":"M\u00e9xico"},"_links":{"self":[{"href":"https:\/\/www.tarahexecutive.com\/es\/wp-json\/wp\/v2\/posts\/823","targetHints":{"allow":["GET"]}}],"collection":[{"href":"https:\/\/www.tarahexecutive.com\/es\/wp-json\/wp\/v2\/posts"}],"about":[{"href":"https:\/\/www.tarahexecutive.com\/es\/wp-json\/wp\/v2\/types\/post"}],"author":[{"embeddable":true,"href":"https:\/\/www.tarahexecutive.com\/es\/wp-json\/wp\/v2\/users\/2"}],"replies":[{"embeddable":true,"href":"https:\/\/www.tarahexecutive.com\/es\/wp-json\/wp\/v2\/comments?post=823"}],"version-history":[{"count":0,"href":"https:\/\/www.tarahexecutive.com\/es\/wp-json\/wp\/v2\/posts\/823\/revisions"}],"wp:featuredmedia":[{"embeddable":true,"href":"https:\/\/www.tarahexecutive.com\/es\/wp-json\/wp\/v2\/media\/825"}],"wp:attachment":[{"href":"https:\/\/www.tarahexecutive.com\/es\/wp-json\/wp\/v2\/media?parent=823"}],"wp:term":[{"taxonomy":"category","embeddable":true,"href":"https:\/\/www.tarahexecutive.com\/es\/wp-json\/wp\/v2\/categories?post=823"},{"taxonomy":"post_tag","embeddable":true,"href":"https:\/\/www.tarahexecutive.com\/es\/wp-json\/wp\/v2\/tags?post=823"}],"curies":[{"name":"wp","href":"https:\/\/api.w.org\/{rel}","templated":true}]}}