{"id":819,"date":"2023-07-06T10:00:15","date_gmt":"2023-07-06T15:00:15","guid":{"rendered":"https:\/\/www.tarahexecutive.com\/?p=819"},"modified":"2023-08-01T14:05:14","modified_gmt":"2023-08-01T19:05:14","slug":"clima-organizacional-e-instrumentos-para-su-medicion","status":"publish","type":"post","link":"https:\/\/www.tarahexecutive.com\/es\/blog\/clima-organizacional-e-instrumentos-para-su-medicion\/","title":{"rendered":"Clima organizacional e instrumentos para su medici\u00f3n"},"content":{"rendered":"<p>El clima organizacional es el conjunto de percepciones, actitudes y sentimientos que tienen los trabajadores sobre su ambiente de trabajo. El clima organizacional influye en el comportamiento, la motivaci\u00f3n, el rendimiento y la satisfacci\u00f3n laboral de los empleados. Por eso, es importante medirlo y mejorarlo para lograr una mayor eficiencia y productividad en las organizaciones.<\/p>\n<h2>\u00bfC\u00f3mo medir el clima organizacional?<\/h2>\n<p>Existen diferentes instrumentos para medir el clima organizacional, entre los que se destacan:<\/p>\n<p><strong>La encuesta de clima laboral:<\/strong> es uno de los instrumentos de medici\u00f3n del clima organizacional m\u00e1s efectivos, ya que recoge m\u00e1s datos, de m\u00e1s cantidad de gente y en menos tiempo.\u00a0Pero para poder realizarla correctamente es necesario tener en cuenta los siguientes aspectos:<\/p>\n<ol>\n<li style=\"list-style-type: none;\">\n<ol>\n<li>Definir el objetivo y el alcance de la encuesta<\/li>\n<li>Dise\u00f1ar un cuestionario adecuado y validado<\/li>\n<li>Seleccionar una muestra representativa de los empleados<\/li>\n<li>Aplicar la encuesta de forma an\u00f3nima y confidencial<\/li>\n<li>Analizar los resultados y elaborar un informe<\/li>\n<li>Comunicar los hallazgos y proponer acciones de mejora<\/li>\n<\/ol>\n<\/li>\n<\/ol>\n<p><strong>La observaci\u00f3n:<\/strong> es otro instrumento que permite recabar informaci\u00f3n sobre el clima organizacional a trav\u00e9s de la mirada directa y sistem\u00e1tica del investigador o de un observador externo. La observaci\u00f3n puede ser participante o no participante, seg\u00fan el grado de interacci\u00f3n del observador con los observados. La ventaja de este m\u00e9todo es que permite captar aspectos no verbales y no conscientes del clima organizacional, como el lenguaje corporal, las expresiones faciales, el tono de voz, etc. La desventaja es que puede ser subjetivo y sesgado por la interpretaci\u00f3n del observador.<\/p>\n<p><strong>La entrevista:<\/strong> Consiste en realizar preguntas abiertas y estructuradas a los empleados sobre su percepci\u00f3n del clima organizacional. La entrevista puede ser individual o grupal, seg\u00fan el n\u00famero de participantes. La ventaja de este m\u00e9todo es que permite profundizar en las opiniones y experiencias de los empleados, as\u00ed como explorar las causas y consecuencias del clima organizacional. La desventaja es que puede ser costoso y demorado en t\u00e9rminos de tiempo y recursos.<\/p>\n<h2>\u00bfQu\u00e9 factores influyen en el clima organizacional?<\/h2>\n<p><a class=\"tooltip-target\" data-citationid=\"21e3e25f-9f53-8e93-4b23-4009a6ee1b5a-24-group\">El clima organizacional depende de m\u00faltiples factores que pueden agruparse en cuatro categor\u00edas<\/a>:<\/p>\n<ul>\n<li>Factores estructurales: son aquellos relacionados con la forma en que se organiza la empresa, como la jerarqu\u00eda, la divisi\u00f3n del trabajo, la comunicaci\u00f3n interna, el liderazgo, etc.<\/li>\n<li>Factores personales: son aquellos relacionados con las caracter\u00edsticas individuales de los empleados, como la edad, el g\u00e9nero, la personalidad, las expectativas, las necesidades, etc.<\/li>\n<li>Factores sociales: son aquellos relacionados con las relaciones interpersonales entre los empleados, como el grado de cooperaci\u00f3n, confianza, respeto, apoyo, etc.<\/li>\n<li>Factores ambientales: son aquellos relacionados con las condiciones f\u00edsicas y materiales del lugar de trabajo, como la iluminaci\u00f3n, el ruido, la temperatura, el mobiliario, los recursos disponibles, etc.<\/li>\n<\/ul>\n<h2>\u00bfQu\u00e9 beneficios tiene mejorar el clima organizacional?<\/h2>\n<p>Mejorar el clima organizacional es fundamental para lograr una mayor eficiencia y competitividad en las organizaciones, ya que tiene m\u00faltiples beneficios tanto para la empresa como para los empleados.<\/p>\n<h3>Beneficios para la empresa<\/h3>\n<p>Mejorar el clima organizacional puede brindar diversos beneficios a la empresa, como:<\/p>\n<ul>\n<li>Reducir la rotaci\u00f3n de personal: un buen clima organizacional genera un mayor sentido de pertenencia y compromiso de los empleados con la empresa, lo que disminuye las intenciones de abandonar el trabajo y aumenta la retenci\u00f3n del talento.<\/li>\n<li>Disminuir el n\u00famero de errores y problemas: un buen clima organizacional favorece una mayor comunicaci\u00f3n, cooperaci\u00f3n y resoluci\u00f3n de conflictos entre los empleados, lo que evita malentendidos, errores y problemas que puedan afectar la calidad del trabajo y la imagen de la empresa.<\/li>\n<li>Aumentar la productividad y las ganancias: un buen clima organizacional estimula una mayor motivaci\u00f3n, inter\u00e9s y esfuerzo de los empleados por alcanzar sus metas, lo que se traduce en un mayor rendimiento, eficiencia y competitividad de la empresa.<\/li>\n<li>Fomentar la innovaci\u00f3n y la creatividad: un buen clima organizacional propicia un ambiente de confianza, respeto y empoderamiento de los empleados, lo que les permite expresar sus ideas, sugerencias y propuestas para mejorar los procesos, productos o servicios de la empresa.<\/li>\n<li>Reforzar la imagen y reputaci\u00f3n de la empresa: un buen clima organizacional mejora la percepci\u00f3n que tienen los clientes, proveedores, sindicatos, medios de comunicaci\u00f3n y p\u00fablico en general sobre la empresa, lo que aumenta su prestigio y reconocimiento en el mercado.<\/li>\n<\/ul>\n<h3>Beneficios para los empleados<\/h3>\n<p><a class=\"tooltip-target\" data-citationid=\"7b07942d-9202-7e65-3581-b7b6480bca9e-16-group\">Mejorar el clima organizacional puede brindar diversos beneficios a los empleados, como<\/a>:<\/p>\n<ul>\n<li>Aumentar la satisfacci\u00f3n laboral: un buen clima organizacional genera un mayor bienestar y felicidad de los empleados en su trabajo, lo que se refleja en una mayor valoraci\u00f3n positiva de su actividad laboral y de su empresa.<\/li>\n<li>Reducir el estr\u00e9s y el absentismo laboral: un buen clima organizacional reduce los factores que pueden generar estr\u00e9s o malestar en los empleados, como la presi\u00f3n, el conflicto, la incertidumbre o la insatisfacci\u00f3n laboral, lo que disminuye las ausencias o faltas al trabajo por motivos de salud f\u00edsica o mental.<\/li>\n<li>Favorecer el desarrollo profesional: un buen clima organizacional facilita el aprendizaje, la capacitaci\u00f3n y el crecimiento profesional de los empleados, ya que les ofrece oportunidades de formaci\u00f3n, feedback, reconocimiento y promoci\u00f3n dentro de la empresa.<\/li>\n<li>Fortalecer las relaciones interpersonales: un buen clima organizacional mejora las relaciones entre los empleados, ya que les permite establecer v\u00ednculos de amistad, confianza, apoyo y colaboraci\u00f3n con sus compa\u00f1eros y superiores.<\/li>\n<li>Incrementar la autoestima y la identidad: un buen clima organizacional aumenta la autoestima y la identidad de los empleados, ya que les hace sentir valorados, respetados y orgullosos de pertenecer a una empresa que comparte sus valores y objetivos.<\/li>\n<\/ul>\n<p><strong>Conclusi\u00f3n<\/strong><\/p>\n<p>El clima organizacional es un aspecto clave para el \u00e9xito de cualquier organizaci\u00f3n, ya que afecta directamente a la satisfacci\u00f3n y el bienestar de los empleados, as\u00ed como a los resultados y la competitividad de la empresa.<\/p>\n<p>Por eso, es fundamental medirlo y mejorarlo de forma peri\u00f3dica y sistem\u00e1tica, utilizando los instrumentos adecuados y aplicando las acciones pertinentes. As\u00ed, se podr\u00e1 lograr un clima organizacional positivo, que impulse el desarrollo y el crecimiento de la organizaci\u00f3n y de sus integrantes.<\/p>\n<p>Si te interesan este tema y otros relacionados con recursos humanos, te invitamos a que sigas nuestro\u00a0<a href=\"https:\/\/www.tarahexecutive.com\/es\/blog\/\">blog<\/a>, tambi\u00e9n puedes seguirnos en nuestras redes sociales\u00a0<a href=\"https:\/\/www.facebook.com\/tarahreclutamiento\/\" target=\"_blank\" rel=\"noopener\">@TarahReclutamiento<\/a>.<\/p>","protected":false},"excerpt":{"rendered":"<p>El clima organizacional es el conjunto de percepciones, actitudes y sentimientos que tienen los trabajadores sobre su ambiente de trabajo. El clima organizacional influye en el comportamiento, la motivaci\u00f3n, el rendimiento y la satisfacci\u00f3n laboral de los empleados. Por eso, es importante medirlo y mejorarlo para lograr una mayor eficiencia y productividad en las organizaciones&#8230;.<\/p>","protected":false},"author":2,"featured_media":821,"comment_status":"closed","ping_status":"open","sticky":false,"template":"","format":"standard","meta":{"footnotes":""},"categories":[1],"tags":[],"class_list":["post-819","post","type-post","status-publish","format-standard","has-post-thumbnail","hentry","category-blog"],"yoast_head":"\n<title>Clima organizacional e instrumentos para su medici\u00f3n | Tarah<\/title>\n<meta name=\"description\" content=\"Describe que es el clima organizacional e instrumentos para su medici\u00f3n, que tienen como resultado una mayor eficiencia.\" \/>\n<meta name=\"robots\" content=\"index, follow, max-snippet:-1, max-image-preview:large, max-video-preview:-1\" \/>\n<link rel=\"canonical\" href=\"https:\/\/www.tarahexecutive.com\/es\/blog\/clima-organizacional-e-instrumentos-para-su-medicion\/\" \/>\n<meta property=\"og:locale\" content=\"es_MX\" \/>\n<meta property=\"og:type\" content=\"article\" \/>\n<meta property=\"og:title\" content=\"Clima organizacional e instrumentos para su medici\u00f3n\" \/>\n<meta property=\"og:description\" content=\"Describe que es el clima organizacional e instrumentos para su medici\u00f3n, que tienen como resultado una mayor eficiencia.\" \/>\n<meta property=\"og:url\" content=\"https:\/\/www.tarahexecutive.com\/es\/blog\/clima-organizacional-e-instrumentos-para-su-medicion\/\" \/>\n<meta property=\"og:site_name\" content=\"Tarah\" \/>\n<meta property=\"article:publisher\" content=\"https:\/\/www.facebook.com\/tarahreclutamiento\/\" \/>\n<meta property=\"article:published_time\" content=\"2023-07-06T15:00:15+00:00\" \/>\n<meta property=\"article:modified_time\" content=\"2023-08-01T19:05:14+00:00\" \/>\n<meta property=\"og:image\" content=\"https:\/\/www.tarahexecutive.com\/archivos\/2023\/07\/Clima-organizacional-e-instrumentos-para-su-medicion.webp\" \/>\n\t<meta property=\"og:image:width\" content=\"1280\" \/>\n\t<meta property=\"og:image:height\" content=\"1080\" \/>\n\t<meta property=\"og:image:type\" content=\"image\/webp\" \/>\n<meta name=\"author\" content=\"Master\" \/>\n<meta name=\"twitter:card\" content=\"summary_large_image\" \/>\n<meta name=\"twitter:label1\" content=\"Escrito por\" \/>\n\t<meta name=\"twitter:data1\" content=\"Master\" \/>\n\t<meta name=\"twitter:label2\" content=\"Tiempo de lectura\" \/>\n\t<meta name=\"twitter:data2\" content=\"5 minutos\" \/>\n<script type=\"application\/ld+json\" class=\"yoast-schema-graph\">{\"@context\":\"https:\/\/schema.org\",\"@graph\":[{\"@type\":\"Article\",\"@id\":\"https:\/\/www.tarahexecutive.com\/blog\/clima-organizacional-e-instrumentos-para-su-medicion\/#article\",\"isPartOf\":{\"@id\":\"https:\/\/www.tarahexecutive.com\/blog\/clima-organizacional-e-instrumentos-para-su-medicion\/\"},\"author\":{\"name\":\"Master\",\"@id\":\"https:\/\/www.tarahexecutive.com\/#\/schema\/person\/6044266e022095cf19e23648aba21375\"},\"headline\":\"Clima organizacional e instrumentos para su medici\u00f3n\",\"datePublished\":\"2023-07-06T15:00:15+00:00\",\"dateModified\":\"2023-08-01T19:05:14+00:00\",\"mainEntityOfPage\":{\"@id\":\"https:\/\/www.tarahexecutive.com\/blog\/clima-organizacional-e-instrumentos-para-su-medicion\/\"},\"wordCount\":1087,\"publisher\":{\"@id\":\"https:\/\/www.tarahexecutive.com\/#organization\"},\"image\":{\"@id\":\"https:\/\/www.tarahexecutive.com\/blog\/clima-organizacional-e-instrumentos-para-su-medicion\/#primaryimage\"},\"thumbnailUrl\":\"https:\/\/www.tarahexecutive.com\/archivos\/2023\/07\/Clima-organizacional-e-instrumentos-para-su-medicion.webp\",\"articleSection\":[\"Blog\"],\"inLanguage\":\"es\"},{\"@type\":\"WebPage\",\"@id\":\"https:\/\/www.tarahexecutive.com\/blog\/clima-organizacional-e-instrumentos-para-su-medicion\/\",\"url\":\"https:\/\/www.tarahexecutive.com\/blog\/clima-organizacional-e-instrumentos-para-su-medicion\/\",\"name\":\"Clima organizacional e instrumentos para su medici\u00f3n | Tarah\",\"isPartOf\":{\"@id\":\"https:\/\/www.tarahexecutive.com\/#website\"},\"primaryImageOfPage\":{\"@id\":\"https:\/\/www.tarahexecutive.com\/blog\/clima-organizacional-e-instrumentos-para-su-medicion\/#primaryimage\"},\"image\":{\"@id\":\"https:\/\/www.tarahexecutive.com\/blog\/clima-organizacional-e-instrumentos-para-su-medicion\/#primaryimage\"},\"thumbnailUrl\":\"https:\/\/www.tarahexecutive.com\/archivos\/2023\/07\/Clima-organizacional-e-instrumentos-para-su-medicion.webp\",\"datePublished\":\"2023-07-06T15:00:15+00:00\",\"dateModified\":\"2023-08-01T19:05:14+00:00\",\"description\":\"Describe que es el clima organizacional e instrumentos para su medici\u00f3n, que tienen como resultado una mayor eficiencia.\",\"breadcrumb\":{\"@id\":\"https:\/\/www.tarahexecutive.com\/blog\/clima-organizacional-e-instrumentos-para-su-medicion\/#breadcrumb\"},\"inLanguage\":\"es\",\"potentialAction\":[{\"@type\":\"ReadAction\",\"target\":[\"https:\/\/www.tarahexecutive.com\/blog\/clima-organizacional-e-instrumentos-para-su-medicion\/\"]}]},{\"@type\":\"ImageObject\",\"inLanguage\":\"es\",\"@id\":\"https:\/\/www.tarahexecutive.com\/blog\/clima-organizacional-e-instrumentos-para-su-medicion\/#primaryimage\",\"url\":\"https:\/\/www.tarahexecutive.com\/archivos\/2023\/07\/Clima-organizacional-e-instrumentos-para-su-medicion.webp\",\"contentUrl\":\"https:\/\/www.tarahexecutive.com\/archivos\/2023\/07\/Clima-organizacional-e-instrumentos-para-su-medicion.webp\",\"width\":1280,\"height\":1080,\"caption\":\"Clima organizacional e instrumentos para su medici\u00f3n\"},{\"@type\":\"BreadcrumbList\",\"@id\":\"https:\/\/www.tarahexecutive.com\/blog\/clima-organizacional-e-instrumentos-para-su-medicion\/#breadcrumb\",\"itemListElement\":[{\"@type\":\"ListItem\",\"position\":1,\"name\":\"Home\",\"item\":\"https:\/\/www.tarahexecutive.com\/\"},{\"@type\":\"ListItem\",\"position\":2,\"name\":\"Clima organizacional e instrumentos para su medici\u00f3n\"}]},{\"@type\":\"WebSite\",\"@id\":\"https:\/\/www.tarahexecutive.com\/#website\",\"url\":\"https:\/\/www.tarahexecutive.com\/\",\"name\":\"TARAH\",\"description\":\"Servicio de reclutamiento ejecutivo en M\u00e9xico\",\"publisher\":{\"@id\":\"https:\/\/www.tarahexecutive.com\/#organization\"},\"potentialAction\":[{\"@type\":\"SearchAction\",\"target\":{\"@type\":\"EntryPoint\",\"urlTemplate\":\"https:\/\/www.tarahexecutive.com\/?s={search_term_string}\"},\"query-input\":{\"@type\":\"PropertyValueSpecification\",\"valueRequired\":true,\"valueName\":\"search_term_string\"}}],\"inLanguage\":\"es\"},{\"@type\":[\"Organization\",\"Place\"],\"@id\":\"https:\/\/www.tarahexecutive.com\/#organization\",\"name\":\"TARAH\",\"url\":\"https:\/\/www.tarahexecutive.com\/\",\"logo\":{\"@id\":\"https:\/\/www.tarahexecutive.com\/blog\/clima-organizacional-e-instrumentos-para-su-medicion\/#local-main-organization-logo\"},\"image\":{\"@id\":\"https:\/\/www.tarahexecutive.com\/blog\/clima-organizacional-e-instrumentos-para-su-medicion\/#local-main-organization-logo\"},\"sameAs\":[\"https:\/\/www.facebook.com\/tarahreclutamiento\/\",\"https:\/\/mx.linkedin.com\/company\/tarahsearch\",\"https:\/\/www.instagram.com\/tarah.executive\/\"],\"address\":{\"@id\":\"https:\/\/www.tarahexecutive.com\/blog\/clima-organizacional-e-instrumentos-para-su-medicion\/#local-main-place-address\"},\"geo\":{\"@type\":\"GeoCoordinates\",\"latitude\":\"31.6819508\",\"longitude\":\"-106.3946517\"},\"telephone\":[\"+526561000909\"],\"openingHoursSpecification\":[],\"email\":\"cristina@www.tarahexecutive.com\"},{\"@type\":\"Person\",\"@id\":\"https:\/\/www.tarahexecutive.com\/#\/schema\/person\/6044266e022095cf19e23648aba21375\",\"name\":\"Master\"},{\"@type\":\"PostalAddress\",\"@id\":\"https:\/\/www.tarahexecutive.com\/blog\/clima-organizacional-e-instrumentos-para-su-medicion\/#local-main-place-address\",\"streetAddress\":\"Plaza San Luis, Av. Ej\u00e9rcito Nacional 9781, Partido Senec\u00fa\",\"addressLocality\":\"Ciudad Ju\u00e1rez\",\"postalCode\":\"32459\",\"addressRegion\":\"Chihuahua\",\"addressCountry\":\"MX\"},{\"@type\":\"ImageObject\",\"inLanguage\":\"es\",\"@id\":\"https:\/\/www.tarahexecutive.com\/blog\/clima-organizacional-e-instrumentos-para-su-medicion\/#local-main-organization-logo\",\"url\":\"https:\/\/www.tarahexecutive.com\/archivos\/2022\/11\/Tarah.jpg\",\"contentUrl\":\"https:\/\/www.tarahexecutive.com\/archivos\/2022\/11\/Tarah.jpg\",\"width\":1200,\"height\":1200,\"caption\":\"TARAH\"}]}<\/script>\n<meta name=\"geo.placename\" content=\"Ciudad Ju\u00e1rez\" \/>\n<meta name=\"geo.position\" content=\"31.6819508;-106.3946517\" \/>\n<meta name=\"geo.region\" content=\"M\u00e9xico\" \/>\n","yoast_head_json":{"title":"Clima organizacional e instrumentos para su medici\u00f3n | Tarah","description":"Describe que es el clima organizacional e instrumentos para su medici\u00f3n, que tienen como resultado una mayor eficiencia.","robots":{"index":"index","follow":"follow","max-snippet":"max-snippet:-1","max-image-preview":"max-image-preview:large","max-video-preview":"max-video-preview:-1"},"canonical":"https:\/\/www.tarahexecutive.com\/es\/blog\/clima-organizacional-e-instrumentos-para-su-medicion\/","og_locale":"es_MX","og_type":"article","og_title":"Clima organizacional e instrumentos para su medici\u00f3n","og_description":"Describe que es el clima organizacional e instrumentos para su medici\u00f3n, que tienen como resultado una mayor eficiencia.","og_url":"https:\/\/www.tarahexecutive.com\/es\/blog\/clima-organizacional-e-instrumentos-para-su-medicion\/","og_site_name":"Tarah","article_publisher":"https:\/\/www.facebook.com\/tarahreclutamiento\/","article_published_time":"2023-07-06T15:00:15+00:00","article_modified_time":"2023-08-01T19:05:14+00:00","og_image":[{"width":1280,"height":1080,"url":"https:\/\/www.tarahexecutive.com\/archivos\/2023\/07\/Clima-organizacional-e-instrumentos-para-su-medicion.webp","type":"image\/webp"}],"author":"Master","twitter_card":"summary_large_image","twitter_misc":{"Escrito por":"Master","Tiempo de lectura":"5 minutos"},"schema":{"@context":"https:\/\/schema.org","@graph":[{"@type":"Article","@id":"https:\/\/www.tarahexecutive.com\/blog\/clima-organizacional-e-instrumentos-para-su-medicion\/#article","isPartOf":{"@id":"https:\/\/www.tarahexecutive.com\/blog\/clima-organizacional-e-instrumentos-para-su-medicion\/"},"author":{"name":"Master","@id":"https:\/\/www.tarahexecutive.com\/#\/schema\/person\/6044266e022095cf19e23648aba21375"},"headline":"Clima organizacional e instrumentos para su medici\u00f3n","datePublished":"2023-07-06T15:00:15+00:00","dateModified":"2023-08-01T19:05:14+00:00","mainEntityOfPage":{"@id":"https:\/\/www.tarahexecutive.com\/blog\/clima-organizacional-e-instrumentos-para-su-medicion\/"},"wordCount":1087,"publisher":{"@id":"https:\/\/www.tarahexecutive.com\/#organization"},"image":{"@id":"https:\/\/www.tarahexecutive.com\/blog\/clima-organizacional-e-instrumentos-para-su-medicion\/#primaryimage"},"thumbnailUrl":"https:\/\/www.tarahexecutive.com\/archivos\/2023\/07\/Clima-organizacional-e-instrumentos-para-su-medicion.webp","articleSection":["Blog"],"inLanguage":"es"},{"@type":"WebPage","@id":"https:\/\/www.tarahexecutive.com\/blog\/clima-organizacional-e-instrumentos-para-su-medicion\/","url":"https:\/\/www.tarahexecutive.com\/blog\/clima-organizacional-e-instrumentos-para-su-medicion\/","name":"Clima organizacional e instrumentos para su medici\u00f3n | Tarah","isPartOf":{"@id":"https:\/\/www.tarahexecutive.com\/#website"},"primaryImageOfPage":{"@id":"https:\/\/www.tarahexecutive.com\/blog\/clima-organizacional-e-instrumentos-para-su-medicion\/#primaryimage"},"image":{"@id":"https:\/\/www.tarahexecutive.com\/blog\/clima-organizacional-e-instrumentos-para-su-medicion\/#primaryimage"},"thumbnailUrl":"https:\/\/www.tarahexecutive.com\/archivos\/2023\/07\/Clima-organizacional-e-instrumentos-para-su-medicion.webp","datePublished":"2023-07-06T15:00:15+00:00","dateModified":"2023-08-01T19:05:14+00:00","description":"Describe que es el clima organizacional e instrumentos para su medici\u00f3n, que tienen como resultado una mayor eficiencia.","breadcrumb":{"@id":"https:\/\/www.tarahexecutive.com\/blog\/clima-organizacional-e-instrumentos-para-su-medicion\/#breadcrumb"},"inLanguage":"es","potentialAction":[{"@type":"ReadAction","target":["https:\/\/www.tarahexecutive.com\/blog\/clima-organizacional-e-instrumentos-para-su-medicion\/"]}]},{"@type":"ImageObject","inLanguage":"es","@id":"https:\/\/www.tarahexecutive.com\/blog\/clima-organizacional-e-instrumentos-para-su-medicion\/#primaryimage","url":"https:\/\/www.tarahexecutive.com\/archivos\/2023\/07\/Clima-organizacional-e-instrumentos-para-su-medicion.webp","contentUrl":"https:\/\/www.tarahexecutive.com\/archivos\/2023\/07\/Clima-organizacional-e-instrumentos-para-su-medicion.webp","width":1280,"height":1080,"caption":"Clima organizacional e instrumentos para su medici\u00f3n"},{"@type":"BreadcrumbList","@id":"https:\/\/www.tarahexecutive.com\/blog\/clima-organizacional-e-instrumentos-para-su-medicion\/#breadcrumb","itemListElement":[{"@type":"ListItem","position":1,"name":"Home","item":"https:\/\/www.tarahexecutive.com\/"},{"@type":"ListItem","position":2,"name":"Clima organizacional e instrumentos para su medici\u00f3n"}]},{"@type":"WebSite","@id":"https:\/\/www.tarahexecutive.com\/#website","url":"https:\/\/www.tarahexecutive.com\/","name":"TARAH","description":"Servicio de reclutamiento ejecutivo en M\u00e9xico","publisher":{"@id":"https:\/\/www.tarahexecutive.com\/#organization"},"potentialAction":[{"@type":"SearchAction","target":{"@type":"EntryPoint","urlTemplate":"https:\/\/www.tarahexecutive.com\/?s={search_term_string}"},"query-input":{"@type":"PropertyValueSpecification","valueRequired":true,"valueName":"search_term_string"}}],"inLanguage":"es"},{"@type":["Organization","Place"],"@id":"https:\/\/www.tarahexecutive.com\/#organization","name":"TARAH","url":"https:\/\/www.tarahexecutive.com\/","logo":{"@id":"https:\/\/www.tarahexecutive.com\/blog\/clima-organizacional-e-instrumentos-para-su-medicion\/#local-main-organization-logo"},"image":{"@id":"https:\/\/www.tarahexecutive.com\/blog\/clima-organizacional-e-instrumentos-para-su-medicion\/#local-main-organization-logo"},"sameAs":["https:\/\/www.facebook.com\/tarahreclutamiento\/","https:\/\/mx.linkedin.com\/company\/tarahsearch","https:\/\/www.instagram.com\/tarah.executive\/"],"address":{"@id":"https:\/\/www.tarahexecutive.com\/blog\/clima-organizacional-e-instrumentos-para-su-medicion\/#local-main-place-address"},"geo":{"@type":"GeoCoordinates","latitude":"31.6819508","longitude":"-106.3946517"},"telephone":["+526561000909"],"openingHoursSpecification":[],"email":"cristina@www.tarahexecutive.com"},{"@type":"Person","@id":"https:\/\/www.tarahexecutive.com\/#\/schema\/person\/6044266e022095cf19e23648aba21375","name":"Master"},{"@type":"PostalAddress","@id":"https:\/\/www.tarahexecutive.com\/blog\/clima-organizacional-e-instrumentos-para-su-medicion\/#local-main-place-address","streetAddress":"Plaza San Luis, Av. Ej\u00e9rcito Nacional 9781, Partido Senec\u00fa","addressLocality":"Ciudad Ju\u00e1rez","postalCode":"32459","addressRegion":"Chihuahua","addressCountry":"MX"},{"@type":"ImageObject","inLanguage":"es","@id":"https:\/\/www.tarahexecutive.com\/blog\/clima-organizacional-e-instrumentos-para-su-medicion\/#local-main-organization-logo","url":"https:\/\/www.tarahexecutive.com\/archivos\/2022\/11\/Tarah.jpg","contentUrl":"https:\/\/www.tarahexecutive.com\/archivos\/2022\/11\/Tarah.jpg","width":1200,"height":1200,"caption":"TARAH"}]},"geo.placename":"Ciudad Ju\u00e1rez","geo.position":{"lat":"31.6819508","long":"-106.3946517"},"geo.region":"M\u00e9xico"},"_links":{"self":[{"href":"https:\/\/www.tarahexecutive.com\/es\/wp-json\/wp\/v2\/posts\/819","targetHints":{"allow":["GET"]}}],"collection":[{"href":"https:\/\/www.tarahexecutive.com\/es\/wp-json\/wp\/v2\/posts"}],"about":[{"href":"https:\/\/www.tarahexecutive.com\/es\/wp-json\/wp\/v2\/types\/post"}],"author":[{"embeddable":true,"href":"https:\/\/www.tarahexecutive.com\/es\/wp-json\/wp\/v2\/users\/2"}],"replies":[{"embeddable":true,"href":"https:\/\/www.tarahexecutive.com\/es\/wp-json\/wp\/v2\/comments?post=819"}],"version-history":[{"count":0,"href":"https:\/\/www.tarahexecutive.com\/es\/wp-json\/wp\/v2\/posts\/819\/revisions"}],"wp:featuredmedia":[{"embeddable":true,"href":"https:\/\/www.tarahexecutive.com\/es\/wp-json\/wp\/v2\/media\/821"}],"wp:attachment":[{"href":"https:\/\/www.tarahexecutive.com\/es\/wp-json\/wp\/v2\/media?parent=819"}],"wp:term":[{"taxonomy":"category","embeddable":true,"href":"https:\/\/www.tarahexecutive.com\/es\/wp-json\/wp\/v2\/categories?post=819"},{"taxonomy":"post_tag","embeddable":true,"href":"https:\/\/www.tarahexecutive.com\/es\/wp-json\/wp\/v2\/tags?post=819"}],"curies":[{"name":"wp","href":"https:\/\/api.w.org\/{rel}","templated":true}]}}