{"id":690,"date":"2023-05-12T14:00:19","date_gmt":"2023-05-12T19:00:19","guid":{"rendered":"https:\/\/www.tarahexecutive.com\/?p=690"},"modified":"2023-05-15T19:38:46","modified_gmt":"2023-05-16T00:38:46","slug":"estudio-de-caso-twitter-y-su-transicion-a-un-equipo-distribuido-durante-la-pandemia","status":"publish","type":"post","link":"https:\/\/www.tarahexecutive.com\/es\/estudios-de-caso\/estudio-de-caso-twitter-y-su-transicion-a-un-equipo-distribuido-durante-la-pandemia\/","title":{"rendered":"Estudio de caso: Twitter y su transici\u00f3n a un equipo distribuido durante la pandemia"},"content":{"rendered":"<p><strong>Introducci\u00f3n<\/strong><\/p>\n<p>La pandemia de COVID-19 ha obligado a muchas empresas a enfrentar el desaf\u00edo de <a href=\"https:\/\/www.bbc.com\/news\/technology-52628119\" target=\"_blank\" rel=\"noopener\">adaptarse<\/a> a un entorno de trabajo remoto. Para empresas como Twitter, que ya contaban con equipos distribuidos en todo el mundo, la transici\u00f3n fue un poco m\u00e1s suave. Sin embargo, a\u00fan hab\u00eda desaf\u00edos \u00fanicos que enfrentar para garantizar que el trabajo pudiera continuar sin interrupciones. Este estudio de caso examinar\u00e1 c\u00f3mo Twitter manej\u00f3 la transici\u00f3n a un equipo distribuido a nivel mundial durante la pandemia de COVID-19.<\/p>\n<p><strong>Antecedentes<\/strong><\/p>\n<p>Antes de la pandemia de COVID-19, Twitter ya contaba con una fuerza laboral distribuida en todo el mundo. La empresa hab\u00eda adoptado una pol\u00edtica de trabajo remoto para algunos de sus empleados, y muchos equipos estaban acostumbrados a trabajar juntos a pesar de la distancia geogr\u00e1fica. Sin embargo, la pandemia de COVID-19 present\u00f3 desaf\u00edos \u00fanicos para la empresa. Twitter ten\u00eda que garantizar que sus empleados pudieran trabajar de manera segura y efectiva en un entorno de trabajo remoto.<\/p>\n<p><strong>Implementaci\u00f3n<\/strong><\/p>\n<p>Twitter tom\u00f3 varias medidas para garantizar que sus empleados pudieran trabajar de manera segura y efectiva durante la pandemia de COVID-19. En primer lugar, la empresa se asegur\u00f3 de que todos los empleados tuvieran acceso a herramientas de colaboraci\u00f3n en l\u00ednea, como Slack y Zoom. Tambi\u00e9n se proporcionaron recursos adicionales para ayudar a los empleados a trabajar de manera m\u00e1s efectiva desde casa, como monitores externos y sillas ergon\u00f3micas.<\/p>\n<p>Adem\u00e1s, Twitter aument\u00f3 su comunicaci\u00f3n interna para mantener a los empleados informados sobre los cambios en la empresa y en el mundo en general. La empresa tambi\u00e9n hizo hincapi\u00e9 en la importancia de mantener el bienestar de los empleados durante este per\u00edodo de estr\u00e9s y ansiedad.<\/p>\n<p><strong>Resultados<\/strong><\/p>\n<p>La implementaci\u00f3n de estas medidas permiti\u00f3 que Twitter manejara con \u00e9xito la transici\u00f3n a un equipo distribuido a nivel mundial durante la pandemia de COVID-19. Los empleados de Twitter pudieron trabajar de manera segura y efectiva desde casa, lo que permiti\u00f3 a la empresa seguir cumpliendo con sus objetivos y plazos. Adem\u00e1s, la comunicaci\u00f3n interna mejorada ayud\u00f3 a mantener a los empleados informados y comprometidos, lo que a su vez aument\u00f3 la satisfacci\u00f3n y la retenci\u00f3n de los empleados.<\/p>\n<p><strong>Conclusi\u00f3n<\/strong><\/p>\n<p>En resumen, Twitter manej\u00f3 con \u00e9xito la transici\u00f3n a un equipo distribuido a nivel mundial durante la pandemia de COVID-19 gracias a la implementaci\u00f3n de medidas efectivas. La empresa pudo garantizar que sus empleados pudieran trabajar de manera segura y efectiva desde casa, al mismo tiempo que mantuvo una comunicaci\u00f3n interna fuerte y enfatiz\u00f3 la importancia del bienestar de los empleados. Estas medidas ayudaron a Twitter a cumplir con sus objetivos y plazos, y a mantener a los empleados comprometidos y satisfechos durante este per\u00edodo de incertidumbre.<\/p>","protected":false},"excerpt":{"rendered":"<p>Introducci\u00f3n La pandemia de COVID-19 ha obligado a muchas empresas a enfrentar el desaf\u00edo de adaptarse a un entorno de trabajo remoto. Para empresas como Twitter, que ya contaban con equipos distribuidos en todo el mundo, la transici\u00f3n fue un poco m\u00e1s suave. Sin embargo, a\u00fan hab\u00eda desaf\u00edos \u00fanicos que enfrentar para garantizar que el&#8230;<\/p>","protected":false},"author":2,"featured_media":692,"comment_status":"closed","ping_status":"open","sticky":false,"template":"","format":"standard","meta":{"footnotes":""},"categories":[19],"tags":[],"class_list":["post-690","post","type-post","status-publish","format-standard","has-post-thumbnail","hentry","category-estudios-de-caso"],"yoast_head":"\n<title>Estudio de caso: Twitter y su transici\u00f3n a un equipo distribuido durante la pandemia<\/title>\n<meta name=\"robots\" content=\"index, follow, max-snippet:-1, max-image-preview:large, max-video-preview:-1\" \/>\n<link rel=\"canonical\" href=\"https:\/\/www.tarahexecutive.com\/es\/estudios-de-caso\/estudio-de-caso-twitter-y-su-transicion-a-un-equipo-distribuido-durante-la-pandemia\/\" \/>\n<meta property=\"og:locale\" content=\"es_MX\" \/>\n<meta property=\"og:type\" content=\"article\" \/>\n<meta property=\"og:title\" content=\"Estudio de caso: Twitter y su transici\u00f3n a un equipo distribuido durante la pandemia\" \/>\n<meta property=\"og:description\" content=\"Introducci\u00f3n La pandemia de COVID-19 ha obligado a muchas empresas a enfrentar el desaf\u00edo de adaptarse a un entorno de trabajo remoto. Para empresas como Twitter, que ya contaban con equipos distribuidos en todo el mundo, la transici\u00f3n fue un poco m\u00e1s suave. Sin embargo, a\u00fan hab\u00eda desaf\u00edos \u00fanicos que enfrentar para garantizar que el...\" \/>\n<meta property=\"og:url\" content=\"https:\/\/www.tarahexecutive.com\/es\/estudios-de-caso\/estudio-de-caso-twitter-y-su-transicion-a-un-equipo-distribuido-durante-la-pandemia\/\" \/>\n<meta property=\"og:site_name\" content=\"Tarah\" \/>\n<meta property=\"article:publisher\" content=\"https:\/\/www.facebook.com\/tarahreclutamiento\/\" \/>\n<meta property=\"article:published_time\" content=\"2023-05-12T19:00:19+00:00\" \/>\n<meta property=\"article:modified_time\" content=\"2023-05-16T00:38:46+00:00\" \/>\n<meta property=\"og:image\" content=\"https:\/\/www.tarahexecutive.com\/archivos\/2023\/04\/Estudio-de-caso-Twitter.webp\" \/>\n\t<meta property=\"og:image:width\" content=\"1280\" \/>\n\t<meta property=\"og:image:height\" content=\"1080\" \/>\n\t<meta property=\"og:image:type\" content=\"image\/webp\" \/>\n<meta name=\"author\" content=\"Master\" \/>\n<meta name=\"twitter:card\" content=\"summary_large_image\" \/>\n<meta name=\"twitter:label1\" content=\"Escrito por\" \/>\n\t<meta name=\"twitter:data1\" content=\"Master\" \/>\n\t<meta name=\"twitter:label2\" content=\"Tiempo de lectura\" \/>\n\t<meta name=\"twitter:data2\" content=\"3 minutos\" \/>\n<script type=\"application\/ld+json\" class=\"yoast-schema-graph\">{\"@context\":\"https:\/\/schema.org\",\"@graph\":[{\"@type\":\"Article\",\"@id\":\"https:\/\/www.tarahexecutive.com\/estudios-de-caso\/estudio-de-caso-twitter-y-su-transicion-a-un-equipo-distribuido-durante-la-pandemia\/#article\",\"isPartOf\":{\"@id\":\"https:\/\/www.tarahexecutive.com\/estudios-de-caso\/estudio-de-caso-twitter-y-su-transicion-a-un-equipo-distribuido-durante-la-pandemia\/\"},\"author\":{\"name\":\"Master\",\"@id\":\"https:\/\/www.tarahexecutive.com\/#\/schema\/person\/6044266e022095cf19e23648aba21375\"},\"headline\":\"Estudio de caso: Twitter y su transici\u00f3n a un equipo distribuido durante la pandemia\",\"datePublished\":\"2023-05-12T19:00:19+00:00\",\"dateModified\":\"2023-05-16T00:38:46+00:00\",\"mainEntityOfPage\":{\"@id\":\"https:\/\/www.tarahexecutive.com\/estudios-de-caso\/estudio-de-caso-twitter-y-su-transicion-a-un-equipo-distribuido-durante-la-pandemia\/\"},\"wordCount\":496,\"publisher\":{\"@id\":\"https:\/\/www.tarahexecutive.com\/#organization\"},\"image\":{\"@id\":\"https:\/\/www.tarahexecutive.com\/estudios-de-caso\/estudio-de-caso-twitter-y-su-transicion-a-un-equipo-distribuido-durante-la-pandemia\/#primaryimage\"},\"thumbnailUrl\":\"https:\/\/www.tarahexecutive.com\/archivos\/2023\/04\/Estudio-de-caso-Twitter.webp\",\"articleSection\":[\"Estudios de caso\"],\"inLanguage\":\"es\"},{\"@type\":\"WebPage\",\"@id\":\"https:\/\/www.tarahexecutive.com\/estudios-de-caso\/estudio-de-caso-twitter-y-su-transicion-a-un-equipo-distribuido-durante-la-pandemia\/\",\"url\":\"https:\/\/www.tarahexecutive.com\/estudios-de-caso\/estudio-de-caso-twitter-y-su-transicion-a-un-equipo-distribuido-durante-la-pandemia\/\",\"name\":\"Estudio de caso: Twitter y su transici\u00f3n a un equipo distribuido durante la pandemia\",\"isPartOf\":{\"@id\":\"https:\/\/www.tarahexecutive.com\/#website\"},\"primaryImageOfPage\":{\"@id\":\"https:\/\/www.tarahexecutive.com\/estudios-de-caso\/estudio-de-caso-twitter-y-su-transicion-a-un-equipo-distribuido-durante-la-pandemia\/#primaryimage\"},\"image\":{\"@id\":\"https:\/\/www.tarahexecutive.com\/estudios-de-caso\/estudio-de-caso-twitter-y-su-transicion-a-un-equipo-distribuido-durante-la-pandemia\/#primaryimage\"},\"thumbnailUrl\":\"https:\/\/www.tarahexecutive.com\/archivos\/2023\/04\/Estudio-de-caso-Twitter.webp\",\"datePublished\":\"2023-05-12T19:00:19+00:00\",\"dateModified\":\"2023-05-16T00:38:46+00:00\",\"breadcrumb\":{\"@id\":\"https:\/\/www.tarahexecutive.com\/estudios-de-caso\/estudio-de-caso-twitter-y-su-transicion-a-un-equipo-distribuido-durante-la-pandemia\/#breadcrumb\"},\"inLanguage\":\"es\",\"potentialAction\":[{\"@type\":\"ReadAction\",\"target\":[\"https:\/\/www.tarahexecutive.com\/estudios-de-caso\/estudio-de-caso-twitter-y-su-transicion-a-un-equipo-distribuido-durante-la-pandemia\/\"]}]},{\"@type\":\"ImageObject\",\"inLanguage\":\"es\",\"@id\":\"https:\/\/www.tarahexecutive.com\/estudios-de-caso\/estudio-de-caso-twitter-y-su-transicion-a-un-equipo-distribuido-durante-la-pandemia\/#primaryimage\",\"url\":\"https:\/\/www.tarahexecutive.com\/archivos\/2023\/04\/Estudio-de-caso-Twitter.webp\",\"contentUrl\":\"https:\/\/www.tarahexecutive.com\/archivos\/2023\/04\/Estudio-de-caso-Twitter.webp\",\"width\":1280,\"height\":1080},{\"@type\":\"BreadcrumbList\",\"@id\":\"https:\/\/www.tarahexecutive.com\/estudios-de-caso\/estudio-de-caso-twitter-y-su-transicion-a-un-equipo-distribuido-durante-la-pandemia\/#breadcrumb\",\"itemListElement\":[{\"@type\":\"ListItem\",\"position\":1,\"name\":\"Home\",\"item\":\"https:\/\/www.tarahexecutive.com\/\"},{\"@type\":\"ListItem\",\"position\":2,\"name\":\"Estudio de caso: Twitter y su transici\u00f3n a un equipo distribuido durante la pandemia\"}]},{\"@type\":\"WebSite\",\"@id\":\"https:\/\/www.tarahexecutive.com\/#website\",\"url\":\"https:\/\/www.tarahexecutive.com\/\",\"name\":\"TARAH\",\"description\":\"Servicio de reclutamiento ejecutivo en M\u00e9xico\",\"publisher\":{\"@id\":\"https:\/\/www.tarahexecutive.com\/#organization\"},\"potentialAction\":[{\"@type\":\"SearchAction\",\"target\":{\"@type\":\"EntryPoint\",\"urlTemplate\":\"https:\/\/www.tarahexecutive.com\/?s={search_term_string}\"},\"query-input\":{\"@type\":\"PropertyValueSpecification\",\"valueRequired\":true,\"valueName\":\"search_term_string\"}}],\"inLanguage\":\"es\"},{\"@type\":[\"Organization\",\"Place\"],\"@id\":\"https:\/\/www.tarahexecutive.com\/#organization\",\"name\":\"TARAH\",\"url\":\"https:\/\/www.tarahexecutive.com\/\",\"logo\":{\"@id\":\"https:\/\/www.tarahexecutive.com\/estudios-de-caso\/estudio-de-caso-twitter-y-su-transicion-a-un-equipo-distribuido-durante-la-pandemia\/#local-main-organization-logo\"},\"image\":{\"@id\":\"https:\/\/www.tarahexecutive.com\/estudios-de-caso\/estudio-de-caso-twitter-y-su-transicion-a-un-equipo-distribuido-durante-la-pandemia\/#local-main-organization-logo\"},\"sameAs\":[\"https:\/\/www.facebook.com\/tarahreclutamiento\/\",\"https:\/\/mx.linkedin.com\/company\/tarahsearch\",\"https:\/\/www.instagram.com\/tarah.executive\/\"],\"address\":{\"@id\":\"https:\/\/www.tarahexecutive.com\/estudios-de-caso\/estudio-de-caso-twitter-y-su-transicion-a-un-equipo-distribuido-durante-la-pandemia\/#local-main-place-address\"},\"geo\":{\"@type\":\"GeoCoordinates\",\"latitude\":\"31.6819508\",\"longitude\":\"-106.3946517\"},\"telephone\":[\"+526561000909\"],\"openingHoursSpecification\":[],\"email\":\"cristina@www.tarahexecutive.com\"},{\"@type\":\"Person\",\"@id\":\"https:\/\/www.tarahexecutive.com\/#\/schema\/person\/6044266e022095cf19e23648aba21375\",\"name\":\"Master\"},{\"@type\":\"PostalAddress\",\"@id\":\"https:\/\/www.tarahexecutive.com\/estudios-de-caso\/estudio-de-caso-twitter-y-su-transicion-a-un-equipo-distribuido-durante-la-pandemia\/#local-main-place-address\",\"streetAddress\":\"Plaza San Luis, Av. Ej\u00e9rcito Nacional 9781, Partido Senec\u00fa\",\"addressLocality\":\"Ciudad Ju\u00e1rez\",\"postalCode\":\"32459\",\"addressRegion\":\"Chihuahua\",\"addressCountry\":\"MX\"},{\"@type\":\"ImageObject\",\"inLanguage\":\"es\",\"@id\":\"https:\/\/www.tarahexecutive.com\/estudios-de-caso\/estudio-de-caso-twitter-y-su-transicion-a-un-equipo-distribuido-durante-la-pandemia\/#local-main-organization-logo\",\"url\":\"https:\/\/www.tarahexecutive.com\/archivos\/2022\/11\/Tarah.jpg\",\"contentUrl\":\"https:\/\/www.tarahexecutive.com\/archivos\/2022\/11\/Tarah.jpg\",\"width\":1200,\"height\":1200,\"caption\":\"TARAH\"}]}<\/script>\n<meta name=\"geo.placename\" content=\"Ciudad Ju\u00e1rez\" \/>\n<meta name=\"geo.position\" content=\"31.6819508;-106.3946517\" \/>\n<meta name=\"geo.region\" content=\"M\u00e9xico\" \/>\n","yoast_head_json":{"title":"Estudio de caso: Twitter y su transici\u00f3n a un equipo distribuido durante la pandemia","robots":{"index":"index","follow":"follow","max-snippet":"max-snippet:-1","max-image-preview":"max-image-preview:large","max-video-preview":"max-video-preview:-1"},"canonical":"https:\/\/www.tarahexecutive.com\/es\/estudios-de-caso\/estudio-de-caso-twitter-y-su-transicion-a-un-equipo-distribuido-durante-la-pandemia\/","og_locale":"es_MX","og_type":"article","og_title":"Estudio de caso: Twitter y su transici\u00f3n a un equipo distribuido durante la pandemia","og_description":"Introducci\u00f3n La pandemia de COVID-19 ha obligado a muchas empresas a enfrentar el desaf\u00edo de adaptarse a un entorno de trabajo remoto. Para empresas como Twitter, que ya contaban con equipos distribuidos en todo el mundo, la transici\u00f3n fue un poco m\u00e1s suave. Sin embargo, a\u00fan hab\u00eda desaf\u00edos \u00fanicos que enfrentar para garantizar que el...","og_url":"https:\/\/www.tarahexecutive.com\/es\/estudios-de-caso\/estudio-de-caso-twitter-y-su-transicion-a-un-equipo-distribuido-durante-la-pandemia\/","og_site_name":"Tarah","article_publisher":"https:\/\/www.facebook.com\/tarahreclutamiento\/","article_published_time":"2023-05-12T19:00:19+00:00","article_modified_time":"2023-05-16T00:38:46+00:00","og_image":[{"width":1280,"height":1080,"url":"https:\/\/www.tarahexecutive.com\/archivos\/2023\/04\/Estudio-de-caso-Twitter.webp","type":"image\/webp"}],"author":"Master","twitter_card":"summary_large_image","twitter_misc":{"Escrito por":"Master","Tiempo de lectura":"3 minutos"},"schema":{"@context":"https:\/\/schema.org","@graph":[{"@type":"Article","@id":"https:\/\/www.tarahexecutive.com\/estudios-de-caso\/estudio-de-caso-twitter-y-su-transicion-a-un-equipo-distribuido-durante-la-pandemia\/#article","isPartOf":{"@id":"https:\/\/www.tarahexecutive.com\/estudios-de-caso\/estudio-de-caso-twitter-y-su-transicion-a-un-equipo-distribuido-durante-la-pandemia\/"},"author":{"name":"Master","@id":"https:\/\/www.tarahexecutive.com\/#\/schema\/person\/6044266e022095cf19e23648aba21375"},"headline":"Estudio de caso: Twitter y su transici\u00f3n a un equipo distribuido durante la pandemia","datePublished":"2023-05-12T19:00:19+00:00","dateModified":"2023-05-16T00:38:46+00:00","mainEntityOfPage":{"@id":"https:\/\/www.tarahexecutive.com\/estudios-de-caso\/estudio-de-caso-twitter-y-su-transicion-a-un-equipo-distribuido-durante-la-pandemia\/"},"wordCount":496,"publisher":{"@id":"https:\/\/www.tarahexecutive.com\/#organization"},"image":{"@id":"https:\/\/www.tarahexecutive.com\/estudios-de-caso\/estudio-de-caso-twitter-y-su-transicion-a-un-equipo-distribuido-durante-la-pandemia\/#primaryimage"},"thumbnailUrl":"https:\/\/www.tarahexecutive.com\/archivos\/2023\/04\/Estudio-de-caso-Twitter.webp","articleSection":["Estudios de caso"],"inLanguage":"es"},{"@type":"WebPage","@id":"https:\/\/www.tarahexecutive.com\/estudios-de-caso\/estudio-de-caso-twitter-y-su-transicion-a-un-equipo-distribuido-durante-la-pandemia\/","url":"https:\/\/www.tarahexecutive.com\/estudios-de-caso\/estudio-de-caso-twitter-y-su-transicion-a-un-equipo-distribuido-durante-la-pandemia\/","name":"Estudio de caso: Twitter y su transici\u00f3n a un equipo distribuido durante la pandemia","isPartOf":{"@id":"https:\/\/www.tarahexecutive.com\/#website"},"primaryImageOfPage":{"@id":"https:\/\/www.tarahexecutive.com\/estudios-de-caso\/estudio-de-caso-twitter-y-su-transicion-a-un-equipo-distribuido-durante-la-pandemia\/#primaryimage"},"image":{"@id":"https:\/\/www.tarahexecutive.com\/estudios-de-caso\/estudio-de-caso-twitter-y-su-transicion-a-un-equipo-distribuido-durante-la-pandemia\/#primaryimage"},"thumbnailUrl":"https:\/\/www.tarahexecutive.com\/archivos\/2023\/04\/Estudio-de-caso-Twitter.webp","datePublished":"2023-05-12T19:00:19+00:00","dateModified":"2023-05-16T00:38:46+00:00","breadcrumb":{"@id":"https:\/\/www.tarahexecutive.com\/estudios-de-caso\/estudio-de-caso-twitter-y-su-transicion-a-un-equipo-distribuido-durante-la-pandemia\/#breadcrumb"},"inLanguage":"es","potentialAction":[{"@type":"ReadAction","target":["https:\/\/www.tarahexecutive.com\/estudios-de-caso\/estudio-de-caso-twitter-y-su-transicion-a-un-equipo-distribuido-durante-la-pandemia\/"]}]},{"@type":"ImageObject","inLanguage":"es","@id":"https:\/\/www.tarahexecutive.com\/estudios-de-caso\/estudio-de-caso-twitter-y-su-transicion-a-un-equipo-distribuido-durante-la-pandemia\/#primaryimage","url":"https:\/\/www.tarahexecutive.com\/archivos\/2023\/04\/Estudio-de-caso-Twitter.webp","contentUrl":"https:\/\/www.tarahexecutive.com\/archivos\/2023\/04\/Estudio-de-caso-Twitter.webp","width":1280,"height":1080},{"@type":"BreadcrumbList","@id":"https:\/\/www.tarahexecutive.com\/estudios-de-caso\/estudio-de-caso-twitter-y-su-transicion-a-un-equipo-distribuido-durante-la-pandemia\/#breadcrumb","itemListElement":[{"@type":"ListItem","position":1,"name":"Home","item":"https:\/\/www.tarahexecutive.com\/"},{"@type":"ListItem","position":2,"name":"Estudio de caso: Twitter y su transici\u00f3n a un equipo distribuido durante la pandemia"}]},{"@type":"WebSite","@id":"https:\/\/www.tarahexecutive.com\/#website","url":"https:\/\/www.tarahexecutive.com\/","name":"TARAH","description":"Servicio de reclutamiento ejecutivo en M\u00e9xico","publisher":{"@id":"https:\/\/www.tarahexecutive.com\/#organization"},"potentialAction":[{"@type":"SearchAction","target":{"@type":"EntryPoint","urlTemplate":"https:\/\/www.tarahexecutive.com\/?s={search_term_string}"},"query-input":{"@type":"PropertyValueSpecification","valueRequired":true,"valueName":"search_term_string"}}],"inLanguage":"es"},{"@type":["Organization","Place"],"@id":"https:\/\/www.tarahexecutive.com\/#organization","name":"TARAH","url":"https:\/\/www.tarahexecutive.com\/","logo":{"@id":"https:\/\/www.tarahexecutive.com\/estudios-de-caso\/estudio-de-caso-twitter-y-su-transicion-a-un-equipo-distribuido-durante-la-pandemia\/#local-main-organization-logo"},"image":{"@id":"https:\/\/www.tarahexecutive.com\/estudios-de-caso\/estudio-de-caso-twitter-y-su-transicion-a-un-equipo-distribuido-durante-la-pandemia\/#local-main-organization-logo"},"sameAs":["https:\/\/www.facebook.com\/tarahreclutamiento\/","https:\/\/mx.linkedin.com\/company\/tarahsearch","https:\/\/www.instagram.com\/tarah.executive\/"],"address":{"@id":"https:\/\/www.tarahexecutive.com\/estudios-de-caso\/estudio-de-caso-twitter-y-su-transicion-a-un-equipo-distribuido-durante-la-pandemia\/#local-main-place-address"},"geo":{"@type":"GeoCoordinates","latitude":"31.6819508","longitude":"-106.3946517"},"telephone":["+526561000909"],"openingHoursSpecification":[],"email":"cristina@www.tarahexecutive.com"},{"@type":"Person","@id":"https:\/\/www.tarahexecutive.com\/#\/schema\/person\/6044266e022095cf19e23648aba21375","name":"Master"},{"@type":"PostalAddress","@id":"https:\/\/www.tarahexecutive.com\/estudios-de-caso\/estudio-de-caso-twitter-y-su-transicion-a-un-equipo-distribuido-durante-la-pandemia\/#local-main-place-address","streetAddress":"Plaza San Luis, Av. Ej\u00e9rcito Nacional 9781, Partido Senec\u00fa","addressLocality":"Ciudad Ju\u00e1rez","postalCode":"32459","addressRegion":"Chihuahua","addressCountry":"MX"},{"@type":"ImageObject","inLanguage":"es","@id":"https:\/\/www.tarahexecutive.com\/estudios-de-caso\/estudio-de-caso-twitter-y-su-transicion-a-un-equipo-distribuido-durante-la-pandemia\/#local-main-organization-logo","url":"https:\/\/www.tarahexecutive.com\/archivos\/2022\/11\/Tarah.jpg","contentUrl":"https:\/\/www.tarahexecutive.com\/archivos\/2022\/11\/Tarah.jpg","width":1200,"height":1200,"caption":"TARAH"}]},"geo.placename":"Ciudad Ju\u00e1rez","geo.position":{"lat":"31.6819508","long":"-106.3946517"},"geo.region":"M\u00e9xico"},"_links":{"self":[{"href":"https:\/\/www.tarahexecutive.com\/es\/wp-json\/wp\/v2\/posts\/690","targetHints":{"allow":["GET"]}}],"collection":[{"href":"https:\/\/www.tarahexecutive.com\/es\/wp-json\/wp\/v2\/posts"}],"about":[{"href":"https:\/\/www.tarahexecutive.com\/es\/wp-json\/wp\/v2\/types\/post"}],"author":[{"embeddable":true,"href":"https:\/\/www.tarahexecutive.com\/es\/wp-json\/wp\/v2\/users\/2"}],"replies":[{"embeddable":true,"href":"https:\/\/www.tarahexecutive.com\/es\/wp-json\/wp\/v2\/comments?post=690"}],"version-history":[{"count":0,"href":"https:\/\/www.tarahexecutive.com\/es\/wp-json\/wp\/v2\/posts\/690\/revisions"}],"wp:featuredmedia":[{"embeddable":true,"href":"https:\/\/www.tarahexecutive.com\/es\/wp-json\/wp\/v2\/media\/692"}],"wp:attachment":[{"href":"https:\/\/www.tarahexecutive.com\/es\/wp-json\/wp\/v2\/media?parent=690"}],"wp:term":[{"taxonomy":"category","embeddable":true,"href":"https:\/\/www.tarahexecutive.com\/es\/wp-json\/wp\/v2\/categories?post=690"},{"taxonomy":"post_tag","embeddable":true,"href":"https:\/\/www.tarahexecutive.com\/es\/wp-json\/wp\/v2\/tags?post=690"}],"curies":[{"name":"wp","href":"https:\/\/api.w.org\/{rel}","templated":true}]}}