{"id":653,"date":"2023-04-12T12:00:40","date_gmt":"2023-04-12T17:00:40","guid":{"rendered":"https:\/\/www.tarahexecutive.com\/?p=653"},"modified":"2023-04-12T13:20:34","modified_gmt":"2023-04-12T18:20:34","slug":"el-impacto-de-la-marca-personal-en-la-busqueda-de-empleo","status":"publish","type":"post","link":"https:\/\/www.tarahexecutive.com\/es\/blog\/el-impacto-de-la-marca-personal-en-la-busqueda-de-empleo\/","title":{"rendered":"El impacto de la marca personal en la b\u00fasqueda de empleo"},"content":{"rendered":"<p>En la era digital en la que vivimos, la marca personal se ha convertido en un aspecto fundamental para la b\u00fasqueda de empleo. Ya no basta con tener un buen curr\u00edculum vitae y una s\u00f3lida experiencia laboral, sino que es necesario que los candidatos se posicionen de manera adecuada en el mundo online y sean capaces de comunicar de forma efectiva su identidad y habilidades.<\/p>\n<h3>\u00bfQu\u00e9 es la marca personal?<\/h3>\n<p>Se define como la percepci\u00f3n que los dem\u00e1s tienen de nosotros, es decir, c\u00f3mo somos percibidos y valorados por los dem\u00e1s. En el \u00e1mbito laboral, se refiere a c\u00f3mo nos posicionamos en el mercado y c\u00f3mo nos diferenciamos del resto de candidatos.<\/p>\n<p><strong>Importancia de la marca personal en la b\u00fasqueda de empleo<\/strong><\/p>\n<p>La marca personal es importante en la b\u00fasqueda de empleo por varias razones, principalmente por la diferenciaci\u00f3n, pues en un mercado laboral altamente competitivo, es necesario destacar entre los dem\u00e1s candidatos. Al construir una marca s\u00f3lida y diferenciada, los empleadores pueden ver a los candidatos como individuos \u00fanicos y valiosos.<\/p>\n<p>Adem\u00e1s, una marca positiva puede aumentar la reputaci\u00f3n de un candidato, pues los empleadores pueden ver que el candidato tiene habilidades y experiencia relevantes, y que est\u00e1 dispuesto a trabajar arduamente para lograr sus objetivos.<\/p>\n<p>Tambi\u00e9n puede ayudar a los candidatos a ser m\u00e1s visibles para los empleadores, ya que una presencia en l\u00ednea s\u00f3lida y una estrategia de marca bien definida pueden ayudar a los candidatos a ser encontrados y contactados por los empleadores.<\/p>\n<h3>Construyendo tu marca<\/h3>\n<p>Para construir una marca personal efectiva, es importante seguir los siguientes pasos:<\/p>\n<ol>\n<li>Define tu identidad: es fundamental que primero definas tu identidad. \u00bfQui\u00e9n eres? \u00bfCu\u00e1les son tus habilidades y fortalezas? \u00bfCu\u00e1l es tu prop\u00f3sito?<\/li>\n<li>Crea una estrategia: una vez que hayas definido tu identidad, es necesario que crees una estrategia que te permita comunicar de forma efectiva qui\u00e9n eres y qu\u00e9 puedes ofrecer.<\/li>\n<li>Desarrolla tu presencia online: en la actualidad, es fundamental tener una presencia online s\u00f3lida y coherente con tu marca personal. Esto incluye tener perfiles en redes sociales, un sitio web o blog personal y una presencia en plataformas profesionales como LinkedIn.<\/li>\n<li>Comunica tu marca personal: finalmente, es importante que comuniques tu marca personal de forma efectiva en todas tus interacciones profesionales, ya sea en entrevistas de trabajo, reuniones de negocios o en tu trabajo diario.<\/li>\n<\/ol>\n<p>En resumen, la marca personal es esencial en la b\u00fasqueda de empleo en la era digital actual. Al construir una marca personal s\u00f3lida y coherente, los candidatos pueden diferenciarse, aumentar su visibilidad y mejorar su reputaci\u00f3n entre los empleadores. Al seguir los pasos adecuados, puedes aumentar tus posibilidades de \u00e9xito en la b\u00fasqueda de empleo.<\/p>\n<div class=\"w-post-elm post_content\">\n<p>Si te interesan este tema y otros relacionados con recursos humanos, te invitamos a que sigas nuestro\u00a0<a href=\"https:\/\/www.tarahexecutive.com\/es\/blog\/\">blog<\/a>, tambi\u00e9n puedes seguirnos en nuestras redes sociales\u00a0<a href=\"https:\/\/www.facebook.com\/tarahreclutamiento\/\" target=\"_blank\" rel=\"noopener\">@TarahReclutamiento<\/a>.<\/p>\n<\/div>","protected":false},"excerpt":{"rendered":"<p>En la era digital en la que vivimos, la marca personal se ha convertido en un aspecto fundamental para la b\u00fasqueda de empleo. Ya no basta con tener un buen curr\u00edculum vitae y una s\u00f3lida experiencia laboral, sino que es necesario que los candidatos se posicionen de manera adecuada en el mundo online y sean&#8230;<\/p>","protected":false},"author":2,"featured_media":655,"comment_status":"closed","ping_status":"open","sticky":false,"template":"","format":"standard","meta":{"footnotes":""},"categories":[1],"tags":[],"class_list":["post-653","post","type-post","status-publish","format-standard","has-post-thumbnail","hentry","category-blog"],"yoast_head":"\n<title>El impacto de la marca personal en la b\u00fasqueda de empleo<\/title>\n<meta name=\"description\" content=\"En la era digital en la que vivimos, la marca personal se ha convertido en un aspecto fundamental para la b\u00fasqueda de empleo.\" \/>\n<meta name=\"robots\" content=\"index, follow, max-snippet:-1, max-image-preview:large, max-video-preview:-1\" \/>\n<link rel=\"canonical\" href=\"https:\/\/www.tarahexecutive.com\/es\/blog\/el-impacto-de-la-marca-personal-en-la-busqueda-de-empleo\/\" \/>\n<meta property=\"og:locale\" content=\"es_MX\" \/>\n<meta property=\"og:type\" content=\"article\" \/>\n<meta property=\"og:title\" content=\"El impacto de la marca personal en la b\u00fasqueda de empleo\" \/>\n<meta property=\"og:description\" content=\"En la era digital en la que vivimos, la marca personal se ha convertido en un aspecto fundamental para la b\u00fasqueda de empleo.\" \/>\n<meta property=\"og:url\" content=\"https:\/\/www.tarahexecutive.com\/es\/blog\/el-impacto-de-la-marca-personal-en-la-busqueda-de-empleo\/\" \/>\n<meta property=\"og:site_name\" content=\"Tarah\" \/>\n<meta property=\"article:publisher\" content=\"https:\/\/www.facebook.com\/tarahreclutamiento\/\" \/>\n<meta property=\"article:published_time\" content=\"2023-04-12T17:00:40+00:00\" \/>\n<meta property=\"article:modified_time\" content=\"2023-04-12T18:20:34+00:00\" \/>\n<meta property=\"og:image\" content=\"https:\/\/www.tarahexecutive.com\/archivos\/2023\/04\/Marca-personal.webp\" \/>\n\t<meta property=\"og:image:width\" content=\"1280\" \/>\n\t<meta property=\"og:image:height\" content=\"1080\" \/>\n\t<meta property=\"og:image:type\" content=\"image\/webp\" \/>\n<meta name=\"author\" content=\"Master\" \/>\n<meta name=\"twitter:card\" content=\"summary_large_image\" \/>\n<meta name=\"twitter:label1\" content=\"Escrito por\" \/>\n\t<meta name=\"twitter:data1\" content=\"Master\" \/>\n\t<meta name=\"twitter:label2\" content=\"Tiempo de lectura\" \/>\n\t<meta name=\"twitter:data2\" content=\"3 minutos\" \/>\n<script type=\"application\/ld+json\" class=\"yoast-schema-graph\">{\"@context\":\"https:\/\/schema.org\",\"@graph\":[{\"@type\":\"Article\",\"@id\":\"https:\/\/www.tarahexecutive.com\/blog\/el-impacto-de-la-marca-personal-en-la-busqueda-de-empleo\/#article\",\"isPartOf\":{\"@id\":\"https:\/\/www.tarahexecutive.com\/blog\/el-impacto-de-la-marca-personal-en-la-busqueda-de-empleo\/\"},\"author\":{\"name\":\"Master\",\"@id\":\"https:\/\/www.tarahexecutive.com\/#\/schema\/person\/6044266e022095cf19e23648aba21375\"},\"headline\":\"El impacto de la marca personal en la b\u00fasqueda de empleo\",\"datePublished\":\"2023-04-12T17:00:40+00:00\",\"dateModified\":\"2023-04-12T18:20:34+00:00\",\"mainEntityOfPage\":{\"@id\":\"https:\/\/www.tarahexecutive.com\/blog\/el-impacto-de-la-marca-personal-en-la-busqueda-de-empleo\/\"},\"wordCount\":512,\"publisher\":{\"@id\":\"https:\/\/www.tarahexecutive.com\/#organization\"},\"image\":{\"@id\":\"https:\/\/www.tarahexecutive.com\/blog\/el-impacto-de-la-marca-personal-en-la-busqueda-de-empleo\/#primaryimage\"},\"thumbnailUrl\":\"https:\/\/www.tarahexecutive.com\/archivos\/2023\/04\/Marca-personal.webp\",\"articleSection\":[\"Blog\"],\"inLanguage\":\"es\"},{\"@type\":\"WebPage\",\"@id\":\"https:\/\/www.tarahexecutive.com\/blog\/el-impacto-de-la-marca-personal-en-la-busqueda-de-empleo\/\",\"url\":\"https:\/\/www.tarahexecutive.com\/blog\/el-impacto-de-la-marca-personal-en-la-busqueda-de-empleo\/\",\"name\":\"El impacto de la marca personal en la b\u00fasqueda de empleo\",\"isPartOf\":{\"@id\":\"https:\/\/www.tarahexecutive.com\/#website\"},\"primaryImageOfPage\":{\"@id\":\"https:\/\/www.tarahexecutive.com\/blog\/el-impacto-de-la-marca-personal-en-la-busqueda-de-empleo\/#primaryimage\"},\"image\":{\"@id\":\"https:\/\/www.tarahexecutive.com\/blog\/el-impacto-de-la-marca-personal-en-la-busqueda-de-empleo\/#primaryimage\"},\"thumbnailUrl\":\"https:\/\/www.tarahexecutive.com\/archivos\/2023\/04\/Marca-personal.webp\",\"datePublished\":\"2023-04-12T17:00:40+00:00\",\"dateModified\":\"2023-04-12T18:20:34+00:00\",\"description\":\"En la era digital en la que vivimos, la marca personal se ha convertido en un aspecto fundamental para la b\u00fasqueda de empleo.\",\"breadcrumb\":{\"@id\":\"https:\/\/www.tarahexecutive.com\/blog\/el-impacto-de-la-marca-personal-en-la-busqueda-de-empleo\/#breadcrumb\"},\"inLanguage\":\"es\",\"potentialAction\":[{\"@type\":\"ReadAction\",\"target\":[\"https:\/\/www.tarahexecutive.com\/blog\/el-impacto-de-la-marca-personal-en-la-busqueda-de-empleo\/\"]}]},{\"@type\":\"ImageObject\",\"inLanguage\":\"es\",\"@id\":\"https:\/\/www.tarahexecutive.com\/blog\/el-impacto-de-la-marca-personal-en-la-busqueda-de-empleo\/#primaryimage\",\"url\":\"https:\/\/www.tarahexecutive.com\/archivos\/2023\/04\/Marca-personal.webp\",\"contentUrl\":\"https:\/\/www.tarahexecutive.com\/archivos\/2023\/04\/Marca-personal.webp\",\"width\":1280,\"height\":1080,\"caption\":\"Marca personal\"},{\"@type\":\"BreadcrumbList\",\"@id\":\"https:\/\/www.tarahexecutive.com\/blog\/el-impacto-de-la-marca-personal-en-la-busqueda-de-empleo\/#breadcrumb\",\"itemListElement\":[{\"@type\":\"ListItem\",\"position\":1,\"name\":\"Home\",\"item\":\"https:\/\/www.tarahexecutive.com\/\"},{\"@type\":\"ListItem\",\"position\":2,\"name\":\"El impacto de la marca personal en la b\u00fasqueda de empleo\"}]},{\"@type\":\"WebSite\",\"@id\":\"https:\/\/www.tarahexecutive.com\/#website\",\"url\":\"https:\/\/www.tarahexecutive.com\/\",\"name\":\"TARAH\",\"description\":\"Servicio de reclutamiento ejecutivo en M\u00e9xico\",\"publisher\":{\"@id\":\"https:\/\/www.tarahexecutive.com\/#organization\"},\"potentialAction\":[{\"@type\":\"SearchAction\",\"target\":{\"@type\":\"EntryPoint\",\"urlTemplate\":\"https:\/\/www.tarahexecutive.com\/?s={search_term_string}\"},\"query-input\":{\"@type\":\"PropertyValueSpecification\",\"valueRequired\":true,\"valueName\":\"search_term_string\"}}],\"inLanguage\":\"es\"},{\"@type\":[\"Organization\",\"Place\"],\"@id\":\"https:\/\/www.tarahexecutive.com\/#organization\",\"name\":\"TARAH\",\"url\":\"https:\/\/www.tarahexecutive.com\/\",\"logo\":{\"@id\":\"https:\/\/www.tarahexecutive.com\/blog\/el-impacto-de-la-marca-personal-en-la-busqueda-de-empleo\/#local-main-organization-logo\"},\"image\":{\"@id\":\"https:\/\/www.tarahexecutive.com\/blog\/el-impacto-de-la-marca-personal-en-la-busqueda-de-empleo\/#local-main-organization-logo\"},\"sameAs\":[\"https:\/\/www.facebook.com\/tarahreclutamiento\/\",\"https:\/\/mx.linkedin.com\/company\/tarahsearch\",\"https:\/\/www.instagram.com\/tarah.executive\/\"],\"address\":{\"@id\":\"https:\/\/www.tarahexecutive.com\/blog\/el-impacto-de-la-marca-personal-en-la-busqueda-de-empleo\/#local-main-place-address\"},\"geo\":{\"@type\":\"GeoCoordinates\",\"latitude\":\"31.6819508\",\"longitude\":\"-106.3946517\"},\"telephone\":[\"+526561000909\"],\"openingHoursSpecification\":[],\"email\":\"cristina@www.tarahexecutive.com\"},{\"@type\":\"Person\",\"@id\":\"https:\/\/www.tarahexecutive.com\/#\/schema\/person\/6044266e022095cf19e23648aba21375\",\"name\":\"Master\"},{\"@type\":\"PostalAddress\",\"@id\":\"https:\/\/www.tarahexecutive.com\/blog\/el-impacto-de-la-marca-personal-en-la-busqueda-de-empleo\/#local-main-place-address\",\"streetAddress\":\"Plaza San Luis, Av. Ej\u00e9rcito Nacional 9781, Partido Senec\u00fa\",\"addressLocality\":\"Ciudad Ju\u00e1rez\",\"postalCode\":\"32459\",\"addressRegion\":\"Chihuahua\",\"addressCountry\":\"MX\"},{\"@type\":\"ImageObject\",\"inLanguage\":\"es\",\"@id\":\"https:\/\/www.tarahexecutive.com\/blog\/el-impacto-de-la-marca-personal-en-la-busqueda-de-empleo\/#local-main-organization-logo\",\"url\":\"https:\/\/www.tarahexecutive.com\/archivos\/2022\/11\/Tarah.jpg\",\"contentUrl\":\"https:\/\/www.tarahexecutive.com\/archivos\/2022\/11\/Tarah.jpg\",\"width\":1200,\"height\":1200,\"caption\":\"TARAH\"}]}<\/script>\n<meta name=\"geo.placename\" content=\"Ciudad Ju\u00e1rez\" \/>\n<meta name=\"geo.position\" content=\"31.6819508;-106.3946517\" \/>\n<meta name=\"geo.region\" content=\"M\u00e9xico\" \/>\n","yoast_head_json":{"title":"El impacto de la marca personal en la b\u00fasqueda de empleo","description":"En la era digital en la que vivimos, la marca personal se ha convertido en un aspecto fundamental para la b\u00fasqueda de empleo.","robots":{"index":"index","follow":"follow","max-snippet":"max-snippet:-1","max-image-preview":"max-image-preview:large","max-video-preview":"max-video-preview:-1"},"canonical":"https:\/\/www.tarahexecutive.com\/es\/blog\/el-impacto-de-la-marca-personal-en-la-busqueda-de-empleo\/","og_locale":"es_MX","og_type":"article","og_title":"El impacto de la marca personal en la b\u00fasqueda de empleo","og_description":"En la era digital en la que vivimos, la marca personal se ha convertido en un aspecto fundamental para la b\u00fasqueda de empleo.","og_url":"https:\/\/www.tarahexecutive.com\/es\/blog\/el-impacto-de-la-marca-personal-en-la-busqueda-de-empleo\/","og_site_name":"Tarah","article_publisher":"https:\/\/www.facebook.com\/tarahreclutamiento\/","article_published_time":"2023-04-12T17:00:40+00:00","article_modified_time":"2023-04-12T18:20:34+00:00","og_image":[{"width":1280,"height":1080,"url":"https:\/\/www.tarahexecutive.com\/archivos\/2023\/04\/Marca-personal.webp","type":"image\/webp"}],"author":"Master","twitter_card":"summary_large_image","twitter_misc":{"Escrito por":"Master","Tiempo de lectura":"3 minutos"},"schema":{"@context":"https:\/\/schema.org","@graph":[{"@type":"Article","@id":"https:\/\/www.tarahexecutive.com\/blog\/el-impacto-de-la-marca-personal-en-la-busqueda-de-empleo\/#article","isPartOf":{"@id":"https:\/\/www.tarahexecutive.com\/blog\/el-impacto-de-la-marca-personal-en-la-busqueda-de-empleo\/"},"author":{"name":"Master","@id":"https:\/\/www.tarahexecutive.com\/#\/schema\/person\/6044266e022095cf19e23648aba21375"},"headline":"El impacto de la marca personal en la b\u00fasqueda de empleo","datePublished":"2023-04-12T17:00:40+00:00","dateModified":"2023-04-12T18:20:34+00:00","mainEntityOfPage":{"@id":"https:\/\/www.tarahexecutive.com\/blog\/el-impacto-de-la-marca-personal-en-la-busqueda-de-empleo\/"},"wordCount":512,"publisher":{"@id":"https:\/\/www.tarahexecutive.com\/#organization"},"image":{"@id":"https:\/\/www.tarahexecutive.com\/blog\/el-impacto-de-la-marca-personal-en-la-busqueda-de-empleo\/#primaryimage"},"thumbnailUrl":"https:\/\/www.tarahexecutive.com\/archivos\/2023\/04\/Marca-personal.webp","articleSection":["Blog"],"inLanguage":"es"},{"@type":"WebPage","@id":"https:\/\/www.tarahexecutive.com\/blog\/el-impacto-de-la-marca-personal-en-la-busqueda-de-empleo\/","url":"https:\/\/www.tarahexecutive.com\/blog\/el-impacto-de-la-marca-personal-en-la-busqueda-de-empleo\/","name":"El impacto de la marca personal en la b\u00fasqueda de empleo","isPartOf":{"@id":"https:\/\/www.tarahexecutive.com\/#website"},"primaryImageOfPage":{"@id":"https:\/\/www.tarahexecutive.com\/blog\/el-impacto-de-la-marca-personal-en-la-busqueda-de-empleo\/#primaryimage"},"image":{"@id":"https:\/\/www.tarahexecutive.com\/blog\/el-impacto-de-la-marca-personal-en-la-busqueda-de-empleo\/#primaryimage"},"thumbnailUrl":"https:\/\/www.tarahexecutive.com\/archivos\/2023\/04\/Marca-personal.webp","datePublished":"2023-04-12T17:00:40+00:00","dateModified":"2023-04-12T18:20:34+00:00","description":"En la era digital en la que vivimos, la marca personal se ha convertido en un aspecto fundamental para la b\u00fasqueda de empleo.","breadcrumb":{"@id":"https:\/\/www.tarahexecutive.com\/blog\/el-impacto-de-la-marca-personal-en-la-busqueda-de-empleo\/#breadcrumb"},"inLanguage":"es","potentialAction":[{"@type":"ReadAction","target":["https:\/\/www.tarahexecutive.com\/blog\/el-impacto-de-la-marca-personal-en-la-busqueda-de-empleo\/"]}]},{"@type":"ImageObject","inLanguage":"es","@id":"https:\/\/www.tarahexecutive.com\/blog\/el-impacto-de-la-marca-personal-en-la-busqueda-de-empleo\/#primaryimage","url":"https:\/\/www.tarahexecutive.com\/archivos\/2023\/04\/Marca-personal.webp","contentUrl":"https:\/\/www.tarahexecutive.com\/archivos\/2023\/04\/Marca-personal.webp","width":1280,"height":1080,"caption":"Marca personal"},{"@type":"BreadcrumbList","@id":"https:\/\/www.tarahexecutive.com\/blog\/el-impacto-de-la-marca-personal-en-la-busqueda-de-empleo\/#breadcrumb","itemListElement":[{"@type":"ListItem","position":1,"name":"Home","item":"https:\/\/www.tarahexecutive.com\/"},{"@type":"ListItem","position":2,"name":"El impacto de la marca personal en la b\u00fasqueda de empleo"}]},{"@type":"WebSite","@id":"https:\/\/www.tarahexecutive.com\/#website","url":"https:\/\/www.tarahexecutive.com\/","name":"TARAH","description":"Servicio de reclutamiento ejecutivo en M\u00e9xico","publisher":{"@id":"https:\/\/www.tarahexecutive.com\/#organization"},"potentialAction":[{"@type":"SearchAction","target":{"@type":"EntryPoint","urlTemplate":"https:\/\/www.tarahexecutive.com\/?s={search_term_string}"},"query-input":{"@type":"PropertyValueSpecification","valueRequired":true,"valueName":"search_term_string"}}],"inLanguage":"es"},{"@type":["Organization","Place"],"@id":"https:\/\/www.tarahexecutive.com\/#organization","name":"TARAH","url":"https:\/\/www.tarahexecutive.com\/","logo":{"@id":"https:\/\/www.tarahexecutive.com\/blog\/el-impacto-de-la-marca-personal-en-la-busqueda-de-empleo\/#local-main-organization-logo"},"image":{"@id":"https:\/\/www.tarahexecutive.com\/blog\/el-impacto-de-la-marca-personal-en-la-busqueda-de-empleo\/#local-main-organization-logo"},"sameAs":["https:\/\/www.facebook.com\/tarahreclutamiento\/","https:\/\/mx.linkedin.com\/company\/tarahsearch","https:\/\/www.instagram.com\/tarah.executive\/"],"address":{"@id":"https:\/\/www.tarahexecutive.com\/blog\/el-impacto-de-la-marca-personal-en-la-busqueda-de-empleo\/#local-main-place-address"},"geo":{"@type":"GeoCoordinates","latitude":"31.6819508","longitude":"-106.3946517"},"telephone":["+526561000909"],"openingHoursSpecification":[],"email":"cristina@www.tarahexecutive.com"},{"@type":"Person","@id":"https:\/\/www.tarahexecutive.com\/#\/schema\/person\/6044266e022095cf19e23648aba21375","name":"Master"},{"@type":"PostalAddress","@id":"https:\/\/www.tarahexecutive.com\/blog\/el-impacto-de-la-marca-personal-en-la-busqueda-de-empleo\/#local-main-place-address","streetAddress":"Plaza San Luis, Av. Ej\u00e9rcito Nacional 9781, Partido Senec\u00fa","addressLocality":"Ciudad Ju\u00e1rez","postalCode":"32459","addressRegion":"Chihuahua","addressCountry":"MX"},{"@type":"ImageObject","inLanguage":"es","@id":"https:\/\/www.tarahexecutive.com\/blog\/el-impacto-de-la-marca-personal-en-la-busqueda-de-empleo\/#local-main-organization-logo","url":"https:\/\/www.tarahexecutive.com\/archivos\/2022\/11\/Tarah.jpg","contentUrl":"https:\/\/www.tarahexecutive.com\/archivos\/2022\/11\/Tarah.jpg","width":1200,"height":1200,"caption":"TARAH"}]},"geo.placename":"Ciudad Ju\u00e1rez","geo.position":{"lat":"31.6819508","long":"-106.3946517"},"geo.region":"M\u00e9xico"},"_links":{"self":[{"href":"https:\/\/www.tarahexecutive.com\/es\/wp-json\/wp\/v2\/posts\/653","targetHints":{"allow":["GET"]}}],"collection":[{"href":"https:\/\/www.tarahexecutive.com\/es\/wp-json\/wp\/v2\/posts"}],"about":[{"href":"https:\/\/www.tarahexecutive.com\/es\/wp-json\/wp\/v2\/types\/post"}],"author":[{"embeddable":true,"href":"https:\/\/www.tarahexecutive.com\/es\/wp-json\/wp\/v2\/users\/2"}],"replies":[{"embeddable":true,"href":"https:\/\/www.tarahexecutive.com\/es\/wp-json\/wp\/v2\/comments?post=653"}],"version-history":[{"count":0,"href":"https:\/\/www.tarahexecutive.com\/es\/wp-json\/wp\/v2\/posts\/653\/revisions"}],"wp:featuredmedia":[{"embeddable":true,"href":"https:\/\/www.tarahexecutive.com\/es\/wp-json\/wp\/v2\/media\/655"}],"wp:attachment":[{"href":"https:\/\/www.tarahexecutive.com\/es\/wp-json\/wp\/v2\/media?parent=653"}],"wp:term":[{"taxonomy":"category","embeddable":true,"href":"https:\/\/www.tarahexecutive.com\/es\/wp-json\/wp\/v2\/categories?post=653"},{"taxonomy":"post_tag","embeddable":true,"href":"https:\/\/www.tarahexecutive.com\/es\/wp-json\/wp\/v2\/tags?post=653"}],"curies":[{"name":"wp","href":"https:\/\/api.w.org\/{rel}","templated":true}]}}