{"id":1866,"date":"2024-09-23T09:05:19","date_gmt":"2024-09-23T15:05:19","guid":{"rendered":"https:\/\/www.tarahexecutive.com\/?p=1866"},"modified":"2024-09-23T09:05:19","modified_gmt":"2024-09-23T15:05:19","slug":"el-futuro-del-trabajo-que-habilidades-seran-mas-valiosas","status":"publish","type":"post","link":"https:\/\/www.tarahexecutive.com\/es\/blog\/el-futuro-del-trabajo-que-habilidades-seran-mas-valiosas\/","title":{"rendered":"El Futuro del Trabajo: \u00bfQu\u00e9 Habilidades Ser\u00e1n M\u00e1s Valiosas?"},"content":{"rendered":"<p data-renderer-start-pos=\"1\">El mundo laboral est\u00e1 en constante evoluci\u00f3n, impulsado por avances tecnol\u00f3gicos, cambios sociales y nuevas din\u00e1micas empresariales. Con el futuro a la vuelta de la esquina, es crucial identificar qu\u00e9 habilidades ser\u00e1n m\u00e1s valoradas en el entorno profesional del ma\u00f1ana. En este blog, exploramos las competencias que marcar\u00e1n la diferencia y c\u00f3mo prepararse para el futuro del trabajo.<\/p>\n<h4 data-renderer-start-pos=\"388\"><strong data-renderer-mark=\"true\">Adaptabilidad y flexibilidad<\/strong><\/h4>\n<p data-renderer-start-pos=\"418\"><strong data-renderer-mark=\"true\">La Nueva normalidad:<\/strong><\/p>\n<p data-renderer-start-pos=\"440\">El ritmo acelerado del cambio tecnol\u00f3gico exige una adaptabilidad constante. Las habilidades para aprender nuevas herramientas, procesos y tecnolog\u00edas ser\u00e1n esenciales. Los profesionales que puedan ajustarse r\u00e1pidamente a nuevas circunstancias tendr\u00e1n una ventaja significativa.<\/p>\n<p data-renderer-start-pos=\"720\"><strong data-renderer-mark=\"true\">C\u00f3mo prepararse:<\/strong><\/p>\n<p data-renderer-start-pos=\"738\">Fomenta una mentalidad de crecimiento y busca oportunidades para adquirir nuevas habilidades. Cursos en l\u00ednea, capacitaciones y proyectos interdisciplinarios son excelentes formas de mantenerse actualizado.<\/p>\n<h4 data-renderer-start-pos=\"946\"><strong data-renderer-mark=\"true\">Habilidades digitales avanzadas<\/strong><\/h4>\n<p data-renderer-start-pos=\"979\"><strong data-renderer-mark=\"true\">La revoluci\u00f3n digital:<\/strong><\/p>\n<p data-renderer-start-pos=\"1003\">La digitalizaci\u00f3n est\u00e1 transformando todas las industrias. Competencias como la programaci\u00f3n, el an\u00e1lisis de datos y la gesti\u00f3n de plataformas digitales se est\u00e1n convirtiendo en requisitos b\u00e1sicos para muchos roles.<\/p>\n<p data-renderer-start-pos=\"1220\"><strong data-renderer-mark=\"true\">C\u00f3mo prepararse:<\/strong><\/p>\n<p data-renderer-start-pos=\"1238\">Invierte en educaci\u00f3n digital, desde cursos de codificaci\u00f3n hasta talleres de an\u00e1lisis de datos. Familiar\u00edzate con herramientas emergentes y mantente al tanto de las \u00faltimas tendencias tecnol\u00f3gicas.<\/p>\n<h4 data-renderer-start-pos=\"1438\"><strong data-renderer-mark=\"true\">Inteligencia artificial y automatizaci\u00f3n<\/strong><\/h4>\n<p data-renderer-start-pos=\"1480\"><strong data-renderer-mark=\"true\">Trabajo y tecnolog\u00eda:<\/strong><\/p>\n<p data-renderer-start-pos=\"1503\">La inteligencia artificial (IA) y la automatizaci\u00f3n est\u00e1n redefiniendo el paisaje laboral. Comprender c\u00f3mo interactuar con estas tecnolog\u00edas y utilizarlas de manera efectiva ser\u00e1 crucial.<\/p>\n<p data-renderer-start-pos=\"1692\"><strong data-renderer-mark=\"true\">C\u00f3mo prepararse:<\/strong><\/p>\n<p data-renderer-start-pos=\"1710\">Desarrolla habilidades en el uso de IA y herramientas automatizadas, as\u00ed como en la interpretaci\u00f3n de sus resultados. Esto te permitir\u00e1 trabajar en sinergia con la tecnolog\u00eda en lugar de ser reemplazado por ella.<\/p>\n<p data-renderer-start-pos=\"1924\"><strong data-renderer-mark=\"true\">Pensamiento cr\u00edtico y resoluci\u00f3n de problemas<\/strong><\/p>\n<p data-renderer-start-pos=\"1971\"><strong data-renderer-mark=\"true\">El valor del juicio humano:<\/strong><\/p>\n<p data-renderer-start-pos=\"2000\">A medida que la tecnolog\u00eda maneja tareas repetitivas, el pensamiento cr\u00edtico y la capacidad para resolver problemas complejos se convierten en habilidades diferenciadoras. Los empleadores buscar\u00e1n personas que puedan analizar situaciones y tomar decisiones informadas.<\/p>\n<p data-renderer-start-pos=\"2270\"><strong data-renderer-mark=\"true\">C\u00f3mo prepararse:<\/strong><\/p>\n<p data-renderer-start-pos=\"2288\">Participa en actividades que desaf\u00eden tu capacidad de pensamiento cr\u00edtico, como debates, resoluci\u00f3n de casos y an\u00e1lisis de escenarios. Mejora tu habilidad para identificar problemas y proponer soluciones creativas.<\/p>\n<h4 data-renderer-start-pos=\"2504\"><strong data-renderer-mark=\"true\">Competencias interpersonales y colaborativas<\/strong><\/h4>\n<p data-renderer-start-pos=\"2550\"><strong data-renderer-mark=\"true\">Trabajo en equipo en la era digital:<\/strong><\/p>\n<p data-renderer-start-pos=\"2588\">Aunque la tecnolog\u00eda facilita la comunicaci\u00f3n, las habilidades interpersonales siguen siendo fundamentales. La capacidad para colaborar efectivamente, liderar equipos y comunicarse de manera clara ser\u00e1 vital en un entorno de trabajo cada vez m\u00e1s diverso y remoto.<\/p>\n<p data-renderer-start-pos=\"2853\"><strong data-renderer-mark=\"true\">C\u00f3mo prepararse:<\/strong><\/p>\n<p data-renderer-start-pos=\"2871\">Desarrolla habilidades de comunicaci\u00f3n y liderazgo a trav\u00e9s de experiencias pr\u00e1cticas y formaciones espec\u00edficas. Participa en proyectos de equipo y busca roles que requieran interacci\u00f3n constante con otros.<\/p>\n<h4 data-renderer-start-pos=\"3079\"><strong data-renderer-mark=\"true\">Creatividad e innovaci\u00f3n<\/strong><\/h4>\n<p data-renderer-start-pos=\"3105\"><strong data-renderer-mark=\"true\">Impulsar el cambio:<\/strong><\/p>\n<p data-renderer-start-pos=\"3126\">La creatividad y la capacidad para generar ideas innovadoras ser\u00e1n altamente valoradas. En un mundo que busca diferenciarse y adaptarse r\u00e1pidamente, los profesionales creativos tienen una ventaja.<\/p>\n<p data-renderer-start-pos=\"3324\"><strong data-renderer-mark=\"true\">C\u00f3mo prepararse:<\/strong><\/p>\n<p data-renderer-start-pos=\"3342\">Cultiva tu creatividad a trav\u00e9s de actividades art\u00edsticas, brainstorming y exploraci\u00f3n de nuevas ideas. Mant\u00e9n una mentalidad abierta y busca inspirarte en diferentes campos y experiencias.<\/p>\n<h4 data-renderer-start-pos=\"3533\"><strong data-renderer-mark=\"true\">Conciencia cultural y diversidad<\/strong><\/h4>\n<p data-renderer-start-pos=\"3567\"><strong data-renderer-mark=\"true\">Entornos globales y diversos:<\/strong><\/p>\n<p data-renderer-start-pos=\"3598\">La globalizaci\u00f3n y la diversidad est\u00e1n en el centro de las organizaciones modernas. La habilidad para trabajar en entornos multiculturales y valorar diversas perspectivas ser\u00e1 crucial.<\/p>\n<p data-renderer-start-pos=\"3784\"><strong data-renderer-mark=\"true\">C\u00f3mo prepararse:<\/strong><\/p>\n<p data-renderer-start-pos=\"3802\">Participa en experiencias internacionales, aprende sobre diferentes culturas y trabaja en equipos diversos. La empat\u00eda y la capacidad para comprender diferentes puntos de vista enriquecer\u00e1n tu perfil profesional.<\/p>\n<p data-renderer-start-pos=\"4016\">El futuro del trabajo est\u00e1 configurado por la tecnolog\u00eda, la globalizaci\u00f3n y la necesidad de habilidades humanas esenciales. Adaptarse a estos cambios y desarrollar las habilidades m\u00e1s valoradas te preparar\u00e1 para sobresalir en un entorno laboral en constante evoluci\u00f3n. La clave est\u00e1 en aprender continuamente, estar abierto al cambio y abrazar nuevas oportunidades.<\/p>","protected":false},"excerpt":{"rendered":"<p>El mundo laboral est\u00e1 en constante evoluci\u00f3n, impulsado por avances tecnol\u00f3gicos, cambios sociales y nuevas din\u00e1micas empresariales. Con el futuro a la vuelta de la esquina, es crucial identificar qu\u00e9 habilidades ser\u00e1n m\u00e1s valoradas en el entorno profesional del ma\u00f1ana. En este blog, exploramos las competencias que marcar\u00e1n la diferencia y c\u00f3mo prepararse para el&#8230;<\/p>","protected":false},"author":2,"featured_media":1868,"comment_status":"closed","ping_status":"open","sticky":false,"template":"","format":"standard","meta":{"footnotes":""},"categories":[1],"tags":[],"class_list":["post-1866","post","type-post","status-publish","format-standard","has-post-thumbnail","hentry","category-blog"],"yoast_head":"\n<title>El Futuro del Trabajo: \u00bfQu\u00e9 Habilidades Ser\u00e1n M\u00e1s Valiosas? | Tarah<\/title>\n<meta name=\"description\" content=\"Analizamos el futuro del trabajo y las habilidades cruciales en un entorno laboral en cambio, explorando la influencia de la tecnolog\u00eda y la automatizaci\u00f3n.\" \/>\n<meta name=\"robots\" content=\"index, follow, max-snippet:-1, max-image-preview:large, max-video-preview:-1\" \/>\n<link rel=\"canonical\" href=\"https:\/\/www.tarahexecutive.com\/es\/blog\/el-futuro-del-trabajo-que-habilidades-seran-mas-valiosas\/\" \/>\n<meta property=\"og:locale\" content=\"es_MX\" \/>\n<meta property=\"og:type\" content=\"article\" \/>\n<meta property=\"og:title\" content=\"El Futuro del Trabajo: \u00bfQu\u00e9 Habilidades Ser\u00e1n M\u00e1s Valiosas?\" \/>\n<meta property=\"og:description\" content=\"Analizamos el futuro del trabajo y las habilidades cruciales en un entorno laboral en cambio, explorando la influencia de la tecnolog\u00eda y la automatizaci\u00f3n.\" \/>\n<meta property=\"og:url\" content=\"https:\/\/www.tarahexecutive.com\/es\/blog\/el-futuro-del-trabajo-que-habilidades-seran-mas-valiosas\/\" \/>\n<meta property=\"og:site_name\" content=\"Tarah\" \/>\n<meta property=\"article:publisher\" content=\"https:\/\/www.facebook.com\/tarahreclutamiento\/\" \/>\n<meta property=\"article:published_time\" content=\"2024-09-23T15:05:19+00:00\" \/>\n<meta property=\"og:image\" content=\"https:\/\/www.tarahexecutive.com\/archivos\/2024\/09\/2-25.png\" \/>\n\t<meta property=\"og:image:width\" content=\"1000\" \/>\n\t<meta property=\"og:image:height\" content=\"600\" \/>\n\t<meta property=\"og:image:type\" content=\"image\/png\" \/>\n<meta name=\"author\" content=\"Master\" \/>\n<meta name=\"twitter:card\" content=\"summary_large_image\" \/>\n<meta name=\"twitter:label1\" content=\"Escrito por\" \/>\n\t<meta name=\"twitter:data1\" content=\"Master\" \/>\n\t<meta name=\"twitter:label2\" content=\"Tiempo de lectura\" \/>\n\t<meta name=\"twitter:data2\" content=\"3 minutos\" \/>\n<script type=\"application\/ld+json\" class=\"yoast-schema-graph\">{\"@context\":\"https:\/\/schema.org\",\"@graph\":[{\"@type\":\"Article\",\"@id\":\"https:\/\/www.tarahexecutive.com\/blog\/el-futuro-del-trabajo-que-habilidades-seran-mas-valiosas\/#article\",\"isPartOf\":{\"@id\":\"https:\/\/www.tarahexecutive.com\/blog\/el-futuro-del-trabajo-que-habilidades-seran-mas-valiosas\/\"},\"author\":{\"name\":\"Master\",\"@id\":\"https:\/\/www.tarahexecutive.com\/#\/schema\/person\/6044266e022095cf19e23648aba21375\"},\"headline\":\"El Futuro del Trabajo: \u00bfQu\u00e9 Habilidades Ser\u00e1n M\u00e1s Valiosas?\",\"datePublished\":\"2024-09-23T15:05:19+00:00\",\"mainEntityOfPage\":{\"@id\":\"https:\/\/www.tarahexecutive.com\/blog\/el-futuro-del-trabajo-que-habilidades-seran-mas-valiosas\/\"},\"wordCount\":675,\"publisher\":{\"@id\":\"https:\/\/www.tarahexecutive.com\/#organization\"},\"image\":{\"@id\":\"https:\/\/www.tarahexecutive.com\/blog\/el-futuro-del-trabajo-que-habilidades-seran-mas-valiosas\/#primaryimage\"},\"thumbnailUrl\":\"https:\/\/www.tarahexecutive.com\/archivos\/2024\/09\/2-25.png\",\"articleSection\":[\"Blog\"],\"inLanguage\":\"es\"},{\"@type\":\"WebPage\",\"@id\":\"https:\/\/www.tarahexecutive.com\/blog\/el-futuro-del-trabajo-que-habilidades-seran-mas-valiosas\/\",\"url\":\"https:\/\/www.tarahexecutive.com\/blog\/el-futuro-del-trabajo-que-habilidades-seran-mas-valiosas\/\",\"name\":\"El Futuro del Trabajo: \u00bfQu\u00e9 Habilidades Ser\u00e1n M\u00e1s Valiosas? | Tarah\",\"isPartOf\":{\"@id\":\"https:\/\/www.tarahexecutive.com\/#website\"},\"primaryImageOfPage\":{\"@id\":\"https:\/\/www.tarahexecutive.com\/blog\/el-futuro-del-trabajo-que-habilidades-seran-mas-valiosas\/#primaryimage\"},\"image\":{\"@id\":\"https:\/\/www.tarahexecutive.com\/blog\/el-futuro-del-trabajo-que-habilidades-seran-mas-valiosas\/#primaryimage\"},\"thumbnailUrl\":\"https:\/\/www.tarahexecutive.com\/archivos\/2024\/09\/2-25.png\",\"datePublished\":\"2024-09-23T15:05:19+00:00\",\"description\":\"Analizamos el futuro del trabajo y las habilidades cruciales en un entorno laboral en cambio, explorando la influencia de la tecnolog\u00eda y la automatizaci\u00f3n.\",\"breadcrumb\":{\"@id\":\"https:\/\/www.tarahexecutive.com\/blog\/el-futuro-del-trabajo-que-habilidades-seran-mas-valiosas\/#breadcrumb\"},\"inLanguage\":\"es\",\"potentialAction\":[{\"@type\":\"ReadAction\",\"target\":[\"https:\/\/www.tarahexecutive.com\/blog\/el-futuro-del-trabajo-que-habilidades-seran-mas-valiosas\/\"]}]},{\"@type\":\"ImageObject\",\"inLanguage\":\"es\",\"@id\":\"https:\/\/www.tarahexecutive.com\/blog\/el-futuro-del-trabajo-que-habilidades-seran-mas-valiosas\/#primaryimage\",\"url\":\"https:\/\/www.tarahexecutive.com\/archivos\/2024\/09\/2-25.png\",\"contentUrl\":\"https:\/\/www.tarahexecutive.com\/archivos\/2024\/09\/2-25.png\",\"width\":1000,\"height\":600},{\"@type\":\"BreadcrumbList\",\"@id\":\"https:\/\/www.tarahexecutive.com\/blog\/el-futuro-del-trabajo-que-habilidades-seran-mas-valiosas\/#breadcrumb\",\"itemListElement\":[{\"@type\":\"ListItem\",\"position\":1,\"name\":\"Home\",\"item\":\"https:\/\/www.tarahexecutive.com\/\"},{\"@type\":\"ListItem\",\"position\":2,\"name\":\"El Futuro del Trabajo: \u00bfQu\u00e9 Habilidades Ser\u00e1n M\u00e1s Valiosas?\"}]},{\"@type\":\"WebSite\",\"@id\":\"https:\/\/www.tarahexecutive.com\/#website\",\"url\":\"https:\/\/www.tarahexecutive.com\/\",\"name\":\"TARAH\",\"description\":\"Servicio de reclutamiento ejecutivo en M\u00e9xico\",\"publisher\":{\"@id\":\"https:\/\/www.tarahexecutive.com\/#organization\"},\"potentialAction\":[{\"@type\":\"SearchAction\",\"target\":{\"@type\":\"EntryPoint\",\"urlTemplate\":\"https:\/\/www.tarahexecutive.com\/?s={search_term_string}\"},\"query-input\":{\"@type\":\"PropertyValueSpecification\",\"valueRequired\":true,\"valueName\":\"search_term_string\"}}],\"inLanguage\":\"es\"},{\"@type\":[\"Organization\",\"Place\"],\"@id\":\"https:\/\/www.tarahexecutive.com\/#organization\",\"name\":\"TARAH\",\"url\":\"https:\/\/www.tarahexecutive.com\/\",\"logo\":{\"@id\":\"https:\/\/www.tarahexecutive.com\/blog\/el-futuro-del-trabajo-que-habilidades-seran-mas-valiosas\/#local-main-organization-logo\"},\"image\":{\"@id\":\"https:\/\/www.tarahexecutive.com\/blog\/el-futuro-del-trabajo-que-habilidades-seran-mas-valiosas\/#local-main-organization-logo\"},\"sameAs\":[\"https:\/\/www.facebook.com\/tarahreclutamiento\/\",\"https:\/\/mx.linkedin.com\/company\/tarahsearch\",\"https:\/\/www.instagram.com\/tarah.executive\/\"],\"address\":{\"@id\":\"https:\/\/www.tarahexecutive.com\/blog\/el-futuro-del-trabajo-que-habilidades-seran-mas-valiosas\/#local-main-place-address\"},\"geo\":{\"@type\":\"GeoCoordinates\",\"latitude\":\"31.6819508\",\"longitude\":\"-106.3946517\"},\"telephone\":[\"+526561000909\"],\"openingHoursSpecification\":[],\"email\":\"cristina@www.tarahexecutive.com\"},{\"@type\":\"Person\",\"@id\":\"https:\/\/www.tarahexecutive.com\/#\/schema\/person\/6044266e022095cf19e23648aba21375\",\"name\":\"Master\"},{\"@type\":\"PostalAddress\",\"@id\":\"https:\/\/www.tarahexecutive.com\/blog\/el-futuro-del-trabajo-que-habilidades-seran-mas-valiosas\/#local-main-place-address\",\"streetAddress\":\"Plaza San Luis, Av. Ej\u00e9rcito Nacional 9781, Partido Senec\u00fa\",\"addressLocality\":\"Ciudad Ju\u00e1rez\",\"postalCode\":\"32459\",\"addressRegion\":\"Chihuahua\",\"addressCountry\":\"MX\"},{\"@type\":\"ImageObject\",\"inLanguage\":\"es\",\"@id\":\"https:\/\/www.tarahexecutive.com\/blog\/el-futuro-del-trabajo-que-habilidades-seran-mas-valiosas\/#local-main-organization-logo\",\"url\":\"https:\/\/www.tarahexecutive.com\/archivos\/2022\/11\/Tarah.jpg\",\"contentUrl\":\"https:\/\/www.tarahexecutive.com\/archivos\/2022\/11\/Tarah.jpg\",\"width\":1200,\"height\":1200,\"caption\":\"TARAH\"}]}<\/script>\n<meta name=\"geo.placename\" content=\"Ciudad Ju\u00e1rez\" \/>\n<meta name=\"geo.position\" content=\"31.6819508;-106.3946517\" \/>\n<meta name=\"geo.region\" content=\"M\u00e9xico\" \/>\n","yoast_head_json":{"title":"El Futuro del Trabajo: \u00bfQu\u00e9 Habilidades Ser\u00e1n M\u00e1s Valiosas? | Tarah","description":"Analizamos el futuro del trabajo y las habilidades cruciales en un entorno laboral en cambio, explorando la influencia de la tecnolog\u00eda y la automatizaci\u00f3n.","robots":{"index":"index","follow":"follow","max-snippet":"max-snippet:-1","max-image-preview":"max-image-preview:large","max-video-preview":"max-video-preview:-1"},"canonical":"https:\/\/www.tarahexecutive.com\/es\/blog\/el-futuro-del-trabajo-que-habilidades-seran-mas-valiosas\/","og_locale":"es_MX","og_type":"article","og_title":"El Futuro del Trabajo: \u00bfQu\u00e9 Habilidades Ser\u00e1n M\u00e1s Valiosas?","og_description":"Analizamos el futuro del trabajo y las habilidades cruciales en un entorno laboral en cambio, explorando la influencia de la tecnolog\u00eda y la automatizaci\u00f3n.","og_url":"https:\/\/www.tarahexecutive.com\/es\/blog\/el-futuro-del-trabajo-que-habilidades-seran-mas-valiosas\/","og_site_name":"Tarah","article_publisher":"https:\/\/www.facebook.com\/tarahreclutamiento\/","article_published_time":"2024-09-23T15:05:19+00:00","og_image":[{"width":1000,"height":600,"url":"https:\/\/www.tarahexecutive.com\/archivos\/2024\/09\/2-25.png","type":"image\/png"}],"author":"Master","twitter_card":"summary_large_image","twitter_misc":{"Escrito por":"Master","Tiempo de lectura":"3 minutos"},"schema":{"@context":"https:\/\/schema.org","@graph":[{"@type":"Article","@id":"https:\/\/www.tarahexecutive.com\/blog\/el-futuro-del-trabajo-que-habilidades-seran-mas-valiosas\/#article","isPartOf":{"@id":"https:\/\/www.tarahexecutive.com\/blog\/el-futuro-del-trabajo-que-habilidades-seran-mas-valiosas\/"},"author":{"name":"Master","@id":"https:\/\/www.tarahexecutive.com\/#\/schema\/person\/6044266e022095cf19e23648aba21375"},"headline":"El Futuro del Trabajo: \u00bfQu\u00e9 Habilidades Ser\u00e1n M\u00e1s Valiosas?","datePublished":"2024-09-23T15:05:19+00:00","mainEntityOfPage":{"@id":"https:\/\/www.tarahexecutive.com\/blog\/el-futuro-del-trabajo-que-habilidades-seran-mas-valiosas\/"},"wordCount":675,"publisher":{"@id":"https:\/\/www.tarahexecutive.com\/#organization"},"image":{"@id":"https:\/\/www.tarahexecutive.com\/blog\/el-futuro-del-trabajo-que-habilidades-seran-mas-valiosas\/#primaryimage"},"thumbnailUrl":"https:\/\/www.tarahexecutive.com\/archivos\/2024\/09\/2-25.png","articleSection":["Blog"],"inLanguage":"es"},{"@type":"WebPage","@id":"https:\/\/www.tarahexecutive.com\/blog\/el-futuro-del-trabajo-que-habilidades-seran-mas-valiosas\/","url":"https:\/\/www.tarahexecutive.com\/blog\/el-futuro-del-trabajo-que-habilidades-seran-mas-valiosas\/","name":"El Futuro del Trabajo: \u00bfQu\u00e9 Habilidades Ser\u00e1n M\u00e1s Valiosas? | Tarah","isPartOf":{"@id":"https:\/\/www.tarahexecutive.com\/#website"},"primaryImageOfPage":{"@id":"https:\/\/www.tarahexecutive.com\/blog\/el-futuro-del-trabajo-que-habilidades-seran-mas-valiosas\/#primaryimage"},"image":{"@id":"https:\/\/www.tarahexecutive.com\/blog\/el-futuro-del-trabajo-que-habilidades-seran-mas-valiosas\/#primaryimage"},"thumbnailUrl":"https:\/\/www.tarahexecutive.com\/archivos\/2024\/09\/2-25.png","datePublished":"2024-09-23T15:05:19+00:00","description":"Analizamos el futuro del trabajo y las habilidades cruciales en un entorno laboral en cambio, explorando la influencia de la tecnolog\u00eda y la automatizaci\u00f3n.","breadcrumb":{"@id":"https:\/\/www.tarahexecutive.com\/blog\/el-futuro-del-trabajo-que-habilidades-seran-mas-valiosas\/#breadcrumb"},"inLanguage":"es","potentialAction":[{"@type":"ReadAction","target":["https:\/\/www.tarahexecutive.com\/blog\/el-futuro-del-trabajo-que-habilidades-seran-mas-valiosas\/"]}]},{"@type":"ImageObject","inLanguage":"es","@id":"https:\/\/www.tarahexecutive.com\/blog\/el-futuro-del-trabajo-que-habilidades-seran-mas-valiosas\/#primaryimage","url":"https:\/\/www.tarahexecutive.com\/archivos\/2024\/09\/2-25.png","contentUrl":"https:\/\/www.tarahexecutive.com\/archivos\/2024\/09\/2-25.png","width":1000,"height":600},{"@type":"BreadcrumbList","@id":"https:\/\/www.tarahexecutive.com\/blog\/el-futuro-del-trabajo-que-habilidades-seran-mas-valiosas\/#breadcrumb","itemListElement":[{"@type":"ListItem","position":1,"name":"Home","item":"https:\/\/www.tarahexecutive.com\/"},{"@type":"ListItem","position":2,"name":"El Futuro del Trabajo: \u00bfQu\u00e9 Habilidades Ser\u00e1n M\u00e1s Valiosas?"}]},{"@type":"WebSite","@id":"https:\/\/www.tarahexecutive.com\/#website","url":"https:\/\/www.tarahexecutive.com\/","name":"TARAH","description":"Servicio de reclutamiento ejecutivo en M\u00e9xico","publisher":{"@id":"https:\/\/www.tarahexecutive.com\/#organization"},"potentialAction":[{"@type":"SearchAction","target":{"@type":"EntryPoint","urlTemplate":"https:\/\/www.tarahexecutive.com\/?s={search_term_string}"},"query-input":{"@type":"PropertyValueSpecification","valueRequired":true,"valueName":"search_term_string"}}],"inLanguage":"es"},{"@type":["Organization","Place"],"@id":"https:\/\/www.tarahexecutive.com\/#organization","name":"TARAH","url":"https:\/\/www.tarahexecutive.com\/","logo":{"@id":"https:\/\/www.tarahexecutive.com\/blog\/el-futuro-del-trabajo-que-habilidades-seran-mas-valiosas\/#local-main-organization-logo"},"image":{"@id":"https:\/\/www.tarahexecutive.com\/blog\/el-futuro-del-trabajo-que-habilidades-seran-mas-valiosas\/#local-main-organization-logo"},"sameAs":["https:\/\/www.facebook.com\/tarahreclutamiento\/","https:\/\/mx.linkedin.com\/company\/tarahsearch","https:\/\/www.instagram.com\/tarah.executive\/"],"address":{"@id":"https:\/\/www.tarahexecutive.com\/blog\/el-futuro-del-trabajo-que-habilidades-seran-mas-valiosas\/#local-main-place-address"},"geo":{"@type":"GeoCoordinates","latitude":"31.6819508","longitude":"-106.3946517"},"telephone":["+526561000909"],"openingHoursSpecification":[],"email":"cristina@www.tarahexecutive.com"},{"@type":"Person","@id":"https:\/\/www.tarahexecutive.com\/#\/schema\/person\/6044266e022095cf19e23648aba21375","name":"Master"},{"@type":"PostalAddress","@id":"https:\/\/www.tarahexecutive.com\/blog\/el-futuro-del-trabajo-que-habilidades-seran-mas-valiosas\/#local-main-place-address","streetAddress":"Plaza San Luis, Av. Ej\u00e9rcito Nacional 9781, Partido Senec\u00fa","addressLocality":"Ciudad Ju\u00e1rez","postalCode":"32459","addressRegion":"Chihuahua","addressCountry":"MX"},{"@type":"ImageObject","inLanguage":"es","@id":"https:\/\/www.tarahexecutive.com\/blog\/el-futuro-del-trabajo-que-habilidades-seran-mas-valiosas\/#local-main-organization-logo","url":"https:\/\/www.tarahexecutive.com\/archivos\/2022\/11\/Tarah.jpg","contentUrl":"https:\/\/www.tarahexecutive.com\/archivos\/2022\/11\/Tarah.jpg","width":1200,"height":1200,"caption":"TARAH"}]},"geo.placename":"Ciudad Ju\u00e1rez","geo.position":{"lat":"31.6819508","long":"-106.3946517"},"geo.region":"M\u00e9xico"},"_links":{"self":[{"href":"https:\/\/www.tarahexecutive.com\/es\/wp-json\/wp\/v2\/posts\/1866","targetHints":{"allow":["GET"]}}],"collection":[{"href":"https:\/\/www.tarahexecutive.com\/es\/wp-json\/wp\/v2\/posts"}],"about":[{"href":"https:\/\/www.tarahexecutive.com\/es\/wp-json\/wp\/v2\/types\/post"}],"author":[{"embeddable":true,"href":"https:\/\/www.tarahexecutive.com\/es\/wp-json\/wp\/v2\/users\/2"}],"replies":[{"embeddable":true,"href":"https:\/\/www.tarahexecutive.com\/es\/wp-json\/wp\/v2\/comments?post=1866"}],"version-history":[{"count":0,"href":"https:\/\/www.tarahexecutive.com\/es\/wp-json\/wp\/v2\/posts\/1866\/revisions"}],"wp:featuredmedia":[{"embeddable":true,"href":"https:\/\/www.tarahexecutive.com\/es\/wp-json\/wp\/v2\/media\/1868"}],"wp:attachment":[{"href":"https:\/\/www.tarahexecutive.com\/es\/wp-json\/wp\/v2\/media?parent=1866"}],"wp:term":[{"taxonomy":"category","embeddable":true,"href":"https:\/\/www.tarahexecutive.com\/es\/wp-json\/wp\/v2\/categories?post=1866"},{"taxonomy":"post_tag","embeddable":true,"href":"https:\/\/www.tarahexecutive.com\/es\/wp-json\/wp\/v2\/tags?post=1866"}],"curies":[{"name":"wp","href":"https:\/\/api.w.org\/{rel}","templated":true}]}}