{"id":1807,"date":"2024-09-23T08:58:55","date_gmt":"2024-09-23T14:58:55","guid":{"rendered":"https:\/\/www.tarahexecutive.com\/?p=1807"},"modified":"2024-09-23T08:58:55","modified_gmt":"2024-09-23T14:58:55","slug":"desempleo-en-mexico-una-mirada-a-la-desocupacion-y-sus-desafios","status":"publish","type":"post","link":"https:\/\/www.tarahexecutive.com\/es\/blog\/desempleo-en-mexico-una-mirada-a-la-desocupacion-y-sus-desafios\/","title":{"rendered":"Desempleo en M\u00e9xico: Una Mirada a la Desocupaci\u00f3n y sus Desaf\u00edos"},"content":{"rendered":"<p data-renderer-start-pos=\"1\">El desempleo es una preocupaci\u00f3n persistente en muchas econom\u00edas, y M\u00e9xico no es la excepci\u00f3n. Aunque el pa\u00eds ha mostrado signos de crecimiento econ\u00f3mico en los \u00faltimos a\u00f1os, el desempleo sigue siendo un desaf\u00edo significativo que afecta a millones de mexicanos.<\/p>\n<p data-renderer-start-pos=\"264\"><strong data-renderer-mark=\"true\">Causas de la desocupaci\u00f3n en M\u00e9xico<\/strong><\/p>\n<p data-renderer-start-pos=\"301\"><strong data-renderer-mark=\"true\">Estructura econ\u00f3mica y mercado laboral:<\/strong> M\u00e9xico enfrenta desaf\u00edos estructurales en su econom\u00eda que afectan el empleo. La informalidad laboral es una caracter\u00edstica predominante, con una gran parte de la poblaci\u00f3n empleada en el sector informal, donde los trabajos suelen ser menos estables y mal remunerados.<\/p>\n<p data-renderer-start-pos=\"618\"><strong data-renderer-mark=\"true\">Educaci\u00f3n y capacitaci\u00f3n:<\/strong> Existe una brecha significativa entre las habilidades que los trabajadores tienen y las que el mercado laboral demanda. Muchos j\u00f3venes enfrentan dificultades para encontrar empleo debido a la falta de formaci\u00f3n t\u00e9cnica y profesional adecuada.<\/p>\n<p data-renderer-start-pos=\"896\"><strong data-renderer-mark=\"true\">Inestabilidad pol\u00edtica y econ\u00f3mica:<\/strong> La incertidumbre pol\u00edtica y las fluctuaciones econ\u00f3micas pueden afectar la confianza de los inversores y el crecimiento econ\u00f3mico, lo que, a su vez, puede limitar la creaci\u00f3n de nuevos empleos.<\/p>\n<h4 data-renderer-start-pos=\"1135\"><strong data-renderer-mark=\"true\">Consecuencias del desempleo<\/strong><\/h4>\n<p data-renderer-start-pos=\"1135\"><strong data-renderer-mark=\"true\">Impacto econ\u00f3mico:<\/strong> El desempleo puede afectar el crecimiento econ\u00f3mico al reducir el poder adquisitivo de los consumidores y limitar la demanda de bienes y servicios.<\/p>\n<p data-renderer-start-pos=\"1340\"><strong data-renderer-mark=\"true\">Efectos sociales:<\/strong> La falta de empleo puede llevar a una serie de problemas sociales, incluyendo el aumento de la pobreza, la desigualdad y la tensi\u00f3n social. Los desempleados tambi\u00e9n pueden enfrentar problemas de salud mental debido a la inseguridad financiera y el estr\u00e9s asociado con la b\u00fasqueda de trabajo.<\/p>\n<p data-renderer-start-pos=\"1659\"><strong data-renderer-mark=\"true\">Desarrollo humano:<\/strong> El desempleo prolongado puede tener efectos negativos en el desarrollo personal y profesional de los individuos, limitando sus oportunidades futuras y potencialmente reduciendo su capacidad para contribuir a la econom\u00eda.<\/p>\n<h4 data-renderer-start-pos=\"1908\"><strong data-renderer-mark=\"true\">Estrategias para abordar el desempleo en M\u00e9xico<\/strong><\/h4>\n<p data-renderer-start-pos=\"1908\">\u00a0 <strong data-renderer-mark=\"true\">Inversi\u00f3n en Educaci\u00f3n y Capacitaci\u00f3n:<\/strong> Mejorar la calidad de la educaci\u00f3n y ofrecer programas de capacitaci\u00f3n que est\u00e9n alineados con las necesidades del mercado laboral puede ayudar a reducir la brecha entre las habilidades disponibles y las requeridas.<\/p>\n<p data-renderer-start-pos=\"2221\"><strong data-renderer-mark=\"true\">Fomento del empleo formal:<\/strong> Implementar pol\u00edticas que incentiven a las empresas a ofrecer empleos formales y reducir la informalidad laboral puede proporcionar a los trabajadores mayor estabilidad y protecci\u00f3n.<\/p>\n<p data-renderer-start-pos=\"2440\"><strong data-renderer-mark=\"true\">Apoyo a las PYMEs y emprendimiento:<\/strong> Fomentar el crecimiento de peque\u00f1as y medianas empresas y apoyar a los emprendedores puede generar nuevas oportunidades de empleo y estimular la econom\u00eda local.<\/p>\n<p data-renderer-start-pos=\"2646\">El desempleo en M\u00e9xico es un problema multifac\u00e9tico que requiere un enfoque integral para su resoluci\u00f3n. A medida que el pa\u00eds avanza en su desarrollo econ\u00f3mico y social, es crucial que el empleo digno y sostenible sea una prioridad para asegurar un futuro m\u00e1s pr\u00f3spero para todos.<\/p>","protected":false},"excerpt":{"rendered":"<p>El desempleo es una preocupaci\u00f3n persistente en muchas econom\u00edas, y M\u00e9xico no es la excepci\u00f3n. Aunque el pa\u00eds ha mostrado signos de crecimiento econ\u00f3mico en los \u00faltimos a\u00f1os, el desempleo sigue siendo un desaf\u00edo significativo que afecta a millones de mexicanos. Causas de la desocupaci\u00f3n en M\u00e9xico Estructura econ\u00f3mica y mercado laboral: M\u00e9xico enfrenta desaf\u00edos&#8230;<\/p>","protected":false},"author":2,"featured_media":1864,"comment_status":"closed","ping_status":"open","sticky":false,"template":"","format":"standard","meta":{"footnotes":""},"categories":[1],"tags":[],"class_list":["post-1807","post","type-post","status-publish","format-standard","has-post-thumbnail","hentry","category-blog"],"yoast_head":"\n<title>Desempleo en M\u00e9xico: Una Mirada a la Desocupaci\u00f3n y sus Desaf\u00edos | Tarah<\/title>\n<meta name=\"description\" content=\"Analizamos el desempleo en M\u00e9xico, sus tasas de desocupaci\u00f3n y los desaf\u00edos para quienes buscan empleo, considerando la econom\u00eda y las pol\u00edticas laborales.\" \/>\n<meta name=\"robots\" content=\"index, follow, max-snippet:-1, max-image-preview:large, max-video-preview:-1\" \/>\n<link rel=\"canonical\" href=\"https:\/\/www.tarahexecutive.com\/es\/blog\/desempleo-en-mexico-una-mirada-a-la-desocupacion-y-sus-desafios\/\" \/>\n<meta property=\"og:locale\" content=\"es_MX\" \/>\n<meta property=\"og:type\" content=\"article\" \/>\n<meta property=\"og:title\" content=\"Desempleo en M\u00e9xico: Una Mirada a la Desocupaci\u00f3n y sus Desaf\u00edos\" \/>\n<meta property=\"og:description\" content=\"Analizamos el desempleo en M\u00e9xico, sus tasas de desocupaci\u00f3n y los desaf\u00edos para quienes buscan empleo, considerando la econom\u00eda y las pol\u00edticas laborales.\" \/>\n<meta property=\"og:url\" content=\"https:\/\/www.tarahexecutive.com\/es\/blog\/desempleo-en-mexico-una-mirada-a-la-desocupacion-y-sus-desafios\/\" \/>\n<meta property=\"og:site_name\" content=\"Tarah\" \/>\n<meta property=\"article:publisher\" content=\"https:\/\/www.facebook.com\/tarahreclutamiento\/\" \/>\n<meta property=\"article:published_time\" content=\"2024-09-23T14:58:55+00:00\" \/>\n<meta property=\"og:image\" content=\"https:\/\/www.tarahexecutive.com\/archivos\/2024\/09\/tasa-de-desempleo-en-mexico-continua-baja-agosto-2023.jpg\" \/>\n\t<meta property=\"og:image:width\" content=\"966\" \/>\n\t<meta property=\"og:image:height\" content=\"542\" \/>\n\t<meta property=\"og:image:type\" content=\"image\/jpeg\" \/>\n<meta name=\"author\" content=\"Master\" \/>\n<meta name=\"twitter:card\" content=\"summary_large_image\" \/>\n<meta name=\"twitter:label1\" content=\"Escrito por\" \/>\n\t<meta name=\"twitter:data1\" content=\"Master\" \/>\n\t<meta name=\"twitter:label2\" content=\"Tiempo de lectura\" \/>\n\t<meta name=\"twitter:data2\" content=\"3 minutos\" \/>\n<script type=\"application\/ld+json\" class=\"yoast-schema-graph\">{\"@context\":\"https:\/\/schema.org\",\"@graph\":[{\"@type\":\"Article\",\"@id\":\"https:\/\/www.tarahexecutive.com\/blog\/desempleo-en-mexico-una-mirada-a-la-desocupacion-y-sus-desafios\/#article\",\"isPartOf\":{\"@id\":\"https:\/\/www.tarahexecutive.com\/blog\/desempleo-en-mexico-una-mirada-a-la-desocupacion-y-sus-desafios\/\"},\"author\":{\"name\":\"Master\",\"@id\":\"https:\/\/www.tarahexecutive.com\/#\/schema\/person\/6044266e022095cf19e23648aba21375\"},\"headline\":\"Desempleo en M\u00e9xico: Una Mirada a la Desocupaci\u00f3n y sus Desaf\u00edos\",\"datePublished\":\"2024-09-23T14:58:55+00:00\",\"mainEntityOfPage\":{\"@id\":\"https:\/\/www.tarahexecutive.com\/blog\/desempleo-en-mexico-una-mirada-a-la-desocupacion-y-sus-desafios\/\"},\"wordCount\":490,\"publisher\":{\"@id\":\"https:\/\/www.tarahexecutive.com\/#organization\"},\"image\":{\"@id\":\"https:\/\/www.tarahexecutive.com\/blog\/desempleo-en-mexico-una-mirada-a-la-desocupacion-y-sus-desafios\/#primaryimage\"},\"thumbnailUrl\":\"https:\/\/www.tarahexecutive.com\/archivos\/2024\/09\/tasa-de-desempleo-en-mexico-continua-baja-agosto-2023.jpg\",\"articleSection\":[\"Blog\"],\"inLanguage\":\"es\"},{\"@type\":\"WebPage\",\"@id\":\"https:\/\/www.tarahexecutive.com\/blog\/desempleo-en-mexico-una-mirada-a-la-desocupacion-y-sus-desafios\/\",\"url\":\"https:\/\/www.tarahexecutive.com\/blog\/desempleo-en-mexico-una-mirada-a-la-desocupacion-y-sus-desafios\/\",\"name\":\"Desempleo en M\u00e9xico: Una Mirada a la Desocupaci\u00f3n y sus Desaf\u00edos | Tarah\",\"isPartOf\":{\"@id\":\"https:\/\/www.tarahexecutive.com\/#website\"},\"primaryImageOfPage\":{\"@id\":\"https:\/\/www.tarahexecutive.com\/blog\/desempleo-en-mexico-una-mirada-a-la-desocupacion-y-sus-desafios\/#primaryimage\"},\"image\":{\"@id\":\"https:\/\/www.tarahexecutive.com\/blog\/desempleo-en-mexico-una-mirada-a-la-desocupacion-y-sus-desafios\/#primaryimage\"},\"thumbnailUrl\":\"https:\/\/www.tarahexecutive.com\/archivos\/2024\/09\/tasa-de-desempleo-en-mexico-continua-baja-agosto-2023.jpg\",\"datePublished\":\"2024-09-23T14:58:55+00:00\",\"description\":\"Analizamos el desempleo en M\u00e9xico, sus tasas de desocupaci\u00f3n y los desaf\u00edos para quienes buscan empleo, considerando la econom\u00eda y las pol\u00edticas laborales.\",\"breadcrumb\":{\"@id\":\"https:\/\/www.tarahexecutive.com\/blog\/desempleo-en-mexico-una-mirada-a-la-desocupacion-y-sus-desafios\/#breadcrumb\"},\"inLanguage\":\"es\",\"potentialAction\":[{\"@type\":\"ReadAction\",\"target\":[\"https:\/\/www.tarahexecutive.com\/blog\/desempleo-en-mexico-una-mirada-a-la-desocupacion-y-sus-desafios\/\"]}]},{\"@type\":\"ImageObject\",\"inLanguage\":\"es\",\"@id\":\"https:\/\/www.tarahexecutive.com\/blog\/desempleo-en-mexico-una-mirada-a-la-desocupacion-y-sus-desafios\/#primaryimage\",\"url\":\"https:\/\/www.tarahexecutive.com\/archivos\/2024\/09\/tasa-de-desempleo-en-mexico-continua-baja-agosto-2023.jpg\",\"contentUrl\":\"https:\/\/www.tarahexecutive.com\/archivos\/2024\/09\/tasa-de-desempleo-en-mexico-continua-baja-agosto-2023.jpg\",\"width\":966,\"height\":542},{\"@type\":\"BreadcrumbList\",\"@id\":\"https:\/\/www.tarahexecutive.com\/blog\/desempleo-en-mexico-una-mirada-a-la-desocupacion-y-sus-desafios\/#breadcrumb\",\"itemListElement\":[{\"@type\":\"ListItem\",\"position\":1,\"name\":\"Home\",\"item\":\"https:\/\/www.tarahexecutive.com\/\"},{\"@type\":\"ListItem\",\"position\":2,\"name\":\"Desempleo en M\u00e9xico: Una Mirada a la Desocupaci\u00f3n y sus Desaf\u00edos\"}]},{\"@type\":\"WebSite\",\"@id\":\"https:\/\/www.tarahexecutive.com\/#website\",\"url\":\"https:\/\/www.tarahexecutive.com\/\",\"name\":\"TARAH\",\"description\":\"Servicio de reclutamiento ejecutivo en M\u00e9xico\",\"publisher\":{\"@id\":\"https:\/\/www.tarahexecutive.com\/#organization\"},\"potentialAction\":[{\"@type\":\"SearchAction\",\"target\":{\"@type\":\"EntryPoint\",\"urlTemplate\":\"https:\/\/www.tarahexecutive.com\/?s={search_term_string}\"},\"query-input\":{\"@type\":\"PropertyValueSpecification\",\"valueRequired\":true,\"valueName\":\"search_term_string\"}}],\"inLanguage\":\"es\"},{\"@type\":[\"Organization\",\"Place\"],\"@id\":\"https:\/\/www.tarahexecutive.com\/#organization\",\"name\":\"TARAH\",\"url\":\"https:\/\/www.tarahexecutive.com\/\",\"logo\":{\"@id\":\"https:\/\/www.tarahexecutive.com\/blog\/desempleo-en-mexico-una-mirada-a-la-desocupacion-y-sus-desafios\/#local-main-organization-logo\"},\"image\":{\"@id\":\"https:\/\/www.tarahexecutive.com\/blog\/desempleo-en-mexico-una-mirada-a-la-desocupacion-y-sus-desafios\/#local-main-organization-logo\"},\"sameAs\":[\"https:\/\/www.facebook.com\/tarahreclutamiento\/\",\"https:\/\/mx.linkedin.com\/company\/tarahsearch\",\"https:\/\/www.instagram.com\/tarah.executive\/\"],\"address\":{\"@id\":\"https:\/\/www.tarahexecutive.com\/blog\/desempleo-en-mexico-una-mirada-a-la-desocupacion-y-sus-desafios\/#local-main-place-address\"},\"geo\":{\"@type\":\"GeoCoordinates\",\"latitude\":\"31.6819508\",\"longitude\":\"-106.3946517\"},\"telephone\":[\"+526561000909\"],\"openingHoursSpecification\":[],\"email\":\"cristina@www.tarahexecutive.com\"},{\"@type\":\"Person\",\"@id\":\"https:\/\/www.tarahexecutive.com\/#\/schema\/person\/6044266e022095cf19e23648aba21375\",\"name\":\"Master\"},{\"@type\":\"PostalAddress\",\"@id\":\"https:\/\/www.tarahexecutive.com\/blog\/desempleo-en-mexico-una-mirada-a-la-desocupacion-y-sus-desafios\/#local-main-place-address\",\"streetAddress\":\"Plaza San Luis, Av. Ej\u00e9rcito Nacional 9781, Partido Senec\u00fa\",\"addressLocality\":\"Ciudad Ju\u00e1rez\",\"postalCode\":\"32459\",\"addressRegion\":\"Chihuahua\",\"addressCountry\":\"MX\"},{\"@type\":\"ImageObject\",\"inLanguage\":\"es\",\"@id\":\"https:\/\/www.tarahexecutive.com\/blog\/desempleo-en-mexico-una-mirada-a-la-desocupacion-y-sus-desafios\/#local-main-organization-logo\",\"url\":\"https:\/\/www.tarahexecutive.com\/archivos\/2022\/11\/Tarah.jpg\",\"contentUrl\":\"https:\/\/www.tarahexecutive.com\/archivos\/2022\/11\/Tarah.jpg\",\"width\":1200,\"height\":1200,\"caption\":\"TARAH\"}]}<\/script>\n<meta name=\"geo.placename\" content=\"Ciudad Ju\u00e1rez\" \/>\n<meta name=\"geo.position\" content=\"31.6819508;-106.3946517\" \/>\n<meta name=\"geo.region\" content=\"M\u00e9xico\" \/>\n","yoast_head_json":{"title":"Desempleo en M\u00e9xico: Una Mirada a la Desocupaci\u00f3n y sus Desaf\u00edos | Tarah","description":"Analizamos el desempleo en M\u00e9xico, sus tasas de desocupaci\u00f3n y los desaf\u00edos para quienes buscan empleo, considerando la econom\u00eda y las pol\u00edticas laborales.","robots":{"index":"index","follow":"follow","max-snippet":"max-snippet:-1","max-image-preview":"max-image-preview:large","max-video-preview":"max-video-preview:-1"},"canonical":"https:\/\/www.tarahexecutive.com\/es\/blog\/desempleo-en-mexico-una-mirada-a-la-desocupacion-y-sus-desafios\/","og_locale":"es_MX","og_type":"article","og_title":"Desempleo en M\u00e9xico: Una Mirada a la Desocupaci\u00f3n y sus Desaf\u00edos","og_description":"Analizamos el desempleo en M\u00e9xico, sus tasas de desocupaci\u00f3n y los desaf\u00edos para quienes buscan empleo, considerando la econom\u00eda y las pol\u00edticas laborales.","og_url":"https:\/\/www.tarahexecutive.com\/es\/blog\/desempleo-en-mexico-una-mirada-a-la-desocupacion-y-sus-desafios\/","og_site_name":"Tarah","article_publisher":"https:\/\/www.facebook.com\/tarahreclutamiento\/","article_published_time":"2024-09-23T14:58:55+00:00","og_image":[{"width":966,"height":542,"url":"https:\/\/www.tarahexecutive.com\/archivos\/2024\/09\/tasa-de-desempleo-en-mexico-continua-baja-agosto-2023.jpg","type":"image\/jpeg"}],"author":"Master","twitter_card":"summary_large_image","twitter_misc":{"Escrito por":"Master","Tiempo de lectura":"3 minutos"},"schema":{"@context":"https:\/\/schema.org","@graph":[{"@type":"Article","@id":"https:\/\/www.tarahexecutive.com\/blog\/desempleo-en-mexico-una-mirada-a-la-desocupacion-y-sus-desafios\/#article","isPartOf":{"@id":"https:\/\/www.tarahexecutive.com\/blog\/desempleo-en-mexico-una-mirada-a-la-desocupacion-y-sus-desafios\/"},"author":{"name":"Master","@id":"https:\/\/www.tarahexecutive.com\/#\/schema\/person\/6044266e022095cf19e23648aba21375"},"headline":"Desempleo en M\u00e9xico: Una Mirada a la Desocupaci\u00f3n y sus Desaf\u00edos","datePublished":"2024-09-23T14:58:55+00:00","mainEntityOfPage":{"@id":"https:\/\/www.tarahexecutive.com\/blog\/desempleo-en-mexico-una-mirada-a-la-desocupacion-y-sus-desafios\/"},"wordCount":490,"publisher":{"@id":"https:\/\/www.tarahexecutive.com\/#organization"},"image":{"@id":"https:\/\/www.tarahexecutive.com\/blog\/desempleo-en-mexico-una-mirada-a-la-desocupacion-y-sus-desafios\/#primaryimage"},"thumbnailUrl":"https:\/\/www.tarahexecutive.com\/archivos\/2024\/09\/tasa-de-desempleo-en-mexico-continua-baja-agosto-2023.jpg","articleSection":["Blog"],"inLanguage":"es"},{"@type":"WebPage","@id":"https:\/\/www.tarahexecutive.com\/blog\/desempleo-en-mexico-una-mirada-a-la-desocupacion-y-sus-desafios\/","url":"https:\/\/www.tarahexecutive.com\/blog\/desempleo-en-mexico-una-mirada-a-la-desocupacion-y-sus-desafios\/","name":"Desempleo en M\u00e9xico: Una Mirada a la Desocupaci\u00f3n y sus Desaf\u00edos | Tarah","isPartOf":{"@id":"https:\/\/www.tarahexecutive.com\/#website"},"primaryImageOfPage":{"@id":"https:\/\/www.tarahexecutive.com\/blog\/desempleo-en-mexico-una-mirada-a-la-desocupacion-y-sus-desafios\/#primaryimage"},"image":{"@id":"https:\/\/www.tarahexecutive.com\/blog\/desempleo-en-mexico-una-mirada-a-la-desocupacion-y-sus-desafios\/#primaryimage"},"thumbnailUrl":"https:\/\/www.tarahexecutive.com\/archivos\/2024\/09\/tasa-de-desempleo-en-mexico-continua-baja-agosto-2023.jpg","datePublished":"2024-09-23T14:58:55+00:00","description":"Analizamos el desempleo en M\u00e9xico, sus tasas de desocupaci\u00f3n y los desaf\u00edos para quienes buscan empleo, considerando la econom\u00eda y las pol\u00edticas laborales.","breadcrumb":{"@id":"https:\/\/www.tarahexecutive.com\/blog\/desempleo-en-mexico-una-mirada-a-la-desocupacion-y-sus-desafios\/#breadcrumb"},"inLanguage":"es","potentialAction":[{"@type":"ReadAction","target":["https:\/\/www.tarahexecutive.com\/blog\/desempleo-en-mexico-una-mirada-a-la-desocupacion-y-sus-desafios\/"]}]},{"@type":"ImageObject","inLanguage":"es","@id":"https:\/\/www.tarahexecutive.com\/blog\/desempleo-en-mexico-una-mirada-a-la-desocupacion-y-sus-desafios\/#primaryimage","url":"https:\/\/www.tarahexecutive.com\/archivos\/2024\/09\/tasa-de-desempleo-en-mexico-continua-baja-agosto-2023.jpg","contentUrl":"https:\/\/www.tarahexecutive.com\/archivos\/2024\/09\/tasa-de-desempleo-en-mexico-continua-baja-agosto-2023.jpg","width":966,"height":542},{"@type":"BreadcrumbList","@id":"https:\/\/www.tarahexecutive.com\/blog\/desempleo-en-mexico-una-mirada-a-la-desocupacion-y-sus-desafios\/#breadcrumb","itemListElement":[{"@type":"ListItem","position":1,"name":"Home","item":"https:\/\/www.tarahexecutive.com\/"},{"@type":"ListItem","position":2,"name":"Desempleo en M\u00e9xico: Una Mirada a la Desocupaci\u00f3n y sus Desaf\u00edos"}]},{"@type":"WebSite","@id":"https:\/\/www.tarahexecutive.com\/#website","url":"https:\/\/www.tarahexecutive.com\/","name":"TARAH","description":"Servicio de reclutamiento ejecutivo en M\u00e9xico","publisher":{"@id":"https:\/\/www.tarahexecutive.com\/#organization"},"potentialAction":[{"@type":"SearchAction","target":{"@type":"EntryPoint","urlTemplate":"https:\/\/www.tarahexecutive.com\/?s={search_term_string}"},"query-input":{"@type":"PropertyValueSpecification","valueRequired":true,"valueName":"search_term_string"}}],"inLanguage":"es"},{"@type":["Organization","Place"],"@id":"https:\/\/www.tarahexecutive.com\/#organization","name":"TARAH","url":"https:\/\/www.tarahexecutive.com\/","logo":{"@id":"https:\/\/www.tarahexecutive.com\/blog\/desempleo-en-mexico-una-mirada-a-la-desocupacion-y-sus-desafios\/#local-main-organization-logo"},"image":{"@id":"https:\/\/www.tarahexecutive.com\/blog\/desempleo-en-mexico-una-mirada-a-la-desocupacion-y-sus-desafios\/#local-main-organization-logo"},"sameAs":["https:\/\/www.facebook.com\/tarahreclutamiento\/","https:\/\/mx.linkedin.com\/company\/tarahsearch","https:\/\/www.instagram.com\/tarah.executive\/"],"address":{"@id":"https:\/\/www.tarahexecutive.com\/blog\/desempleo-en-mexico-una-mirada-a-la-desocupacion-y-sus-desafios\/#local-main-place-address"},"geo":{"@type":"GeoCoordinates","latitude":"31.6819508","longitude":"-106.3946517"},"telephone":["+526561000909"],"openingHoursSpecification":[],"email":"cristina@www.tarahexecutive.com"},{"@type":"Person","@id":"https:\/\/www.tarahexecutive.com\/#\/schema\/person\/6044266e022095cf19e23648aba21375","name":"Master"},{"@type":"PostalAddress","@id":"https:\/\/www.tarahexecutive.com\/blog\/desempleo-en-mexico-una-mirada-a-la-desocupacion-y-sus-desafios\/#local-main-place-address","streetAddress":"Plaza San Luis, Av. Ej\u00e9rcito Nacional 9781, Partido Senec\u00fa","addressLocality":"Ciudad Ju\u00e1rez","postalCode":"32459","addressRegion":"Chihuahua","addressCountry":"MX"},{"@type":"ImageObject","inLanguage":"es","@id":"https:\/\/www.tarahexecutive.com\/blog\/desempleo-en-mexico-una-mirada-a-la-desocupacion-y-sus-desafios\/#local-main-organization-logo","url":"https:\/\/www.tarahexecutive.com\/archivos\/2022\/11\/Tarah.jpg","contentUrl":"https:\/\/www.tarahexecutive.com\/archivos\/2022\/11\/Tarah.jpg","width":1200,"height":1200,"caption":"TARAH"}]},"geo.placename":"Ciudad Ju\u00e1rez","geo.position":{"lat":"31.6819508","long":"-106.3946517"},"geo.region":"M\u00e9xico"},"_links":{"self":[{"href":"https:\/\/www.tarahexecutive.com\/es\/wp-json\/wp\/v2\/posts\/1807","targetHints":{"allow":["GET"]}}],"collection":[{"href":"https:\/\/www.tarahexecutive.com\/es\/wp-json\/wp\/v2\/posts"}],"about":[{"href":"https:\/\/www.tarahexecutive.com\/es\/wp-json\/wp\/v2\/types\/post"}],"author":[{"embeddable":true,"href":"https:\/\/www.tarahexecutive.com\/es\/wp-json\/wp\/v2\/users\/2"}],"replies":[{"embeddable":true,"href":"https:\/\/www.tarahexecutive.com\/es\/wp-json\/wp\/v2\/comments?post=1807"}],"version-history":[{"count":0,"href":"https:\/\/www.tarahexecutive.com\/es\/wp-json\/wp\/v2\/posts\/1807\/revisions"}],"wp:featuredmedia":[{"embeddable":true,"href":"https:\/\/www.tarahexecutive.com\/es\/wp-json\/wp\/v2\/media\/1864"}],"wp:attachment":[{"href":"https:\/\/www.tarahexecutive.com\/es\/wp-json\/wp\/v2\/media?parent=1807"}],"wp:term":[{"taxonomy":"category","embeddable":true,"href":"https:\/\/www.tarahexecutive.com\/es\/wp-json\/wp\/v2\/categories?post=1807"},{"taxonomy":"post_tag","embeddable":true,"href":"https:\/\/www.tarahexecutive.com\/es\/wp-json\/wp\/v2\/tags?post=1807"}],"curies":[{"name":"wp","href":"https:\/\/api.w.org\/{rel}","templated":true}]}}