{"id":1684,"date":"2024-05-27T11:35:08","date_gmt":"2024-05-27T17:35:08","guid":{"rendered":"https:\/\/www.tarahexecutive.com\/?p=1684"},"modified":"2024-05-27T11:35:08","modified_gmt":"2024-05-27T17:35:08","slug":"manejo-de-conflictos-en-el-trabajo","status":"publish","type":"post","link":"https:\/\/www.tarahexecutive.com\/es\/blog\/manejo-de-conflictos-en-el-trabajo\/","title":{"rendered":"Manejo de Conflictos en el Trabajo"},"content":{"rendered":"<p data-pm-slice=\"1 1 []\">El manejo y prevenci\u00f3n de conflictos laborales consiste en aplicar estrategias para evitar que las tensiones en el trabajo se agraven, transformando las relaciones conflictivas en relaciones basadas en confianza y cooperaci\u00f3n. El objetivo es lograr una convivencia pac\u00edfica y equitativa en el entorno laboral.<\/p>\n<p>El manejo de conflictos implica intervenir tempranamente para transformar una situaci\u00f3n potencialmente peligrosa en una oportunidad de desarrollo. Esto puede hacerse de manera informal, mediante conversaciones para resolver desacuerdos menores, o formal, utilizando m\u00e9todos como el arbitraje y la mediaci\u00f3n para conflictos m\u00e1s graves.<\/p>\n<h3><strong>Estrategias para la resoluci\u00f3n de conflictos<\/strong><\/h3>\n<ul class=\"ak-ul\">\n<li><strong>Elabora acciones preventivas:<\/strong> Los conflictos no siempre pueden evitarse, pero en ocasiones, s\u00ed pueden preverse. Un paso fundamental es definir claramente las pol\u00edticas de la empresa y comunicarlas de manera eficiente. Realizar acciones de <em>Team Building <\/em>(construir equipos) y la adecuada selecci\u00f3n de l\u00edderes, son acciones que contribuyen a la prevenci\u00f3n de conflictos.<\/li>\n<li><strong>Recolecta la mayor cantidad de datos posible:<\/strong> Muchas veces un peque\u00f1o conflicto es el aviso de que algo m\u00e1s grande viene detr\u00e1s. Por eso, debemos analizar el problema integralmente. Para la posterior y necesaria toma de decisiones es imprescindible contar con la informaci\u00f3n adecuada y suficiente.<\/li>\n<li><strong>Dirige la negociaci\u00f3n:<\/strong> Se debe dejar claro, incluso antes de la exposici\u00f3n de las partes, que es una negociaci\u00f3n y no un combate. La conducci\u00f3n debe ser profesional, sustentada en los valores compartidos de la empresa. C\u00e9ntrate en la b\u00fasqueda de soluciones y en el cumplimiento de los objetivos organizacionales.<\/li>\n<li><strong>Acuerda soluciones medibles y consensuadas:<\/strong> Las soluciones deben ser alcanzadas de forma consensuada y formuladas de tal manera que sean medibles. Es importante realizar el seguimiento sistem\u00e1tico de las soluciones acordadas. Es crucial determinar claramente las fechas de cumplimiento, los responsables y los indicadores de desempe\u00f1o para cada soluci\u00f3n.<\/li>\n<\/ul>\n<p>Los conflictos laborales son comunes e inevitables en cualquier sector, es crucial que las organizaciones capaciten a sus l\u00edderes para gestionar estos conflictos de manera eficaz. Aunque los conflictos pueden ser peligrosos si no se manejan adecuadamente, tambi\u00e9n pueden ser una oportunidad para el desarrollo organizacional.<\/p>","protected":false},"excerpt":{"rendered":"<p>El manejo y prevenci\u00f3n de conflictos laborales consiste en aplicar estrategias para evitar que las tensiones en el trabajo se agraven, transformando las relaciones conflictivas en relaciones basadas en confianza y cooperaci\u00f3n. El objetivo es lograr una convivencia pac\u00edfica y equitativa en el entorno laboral. El manejo de conflictos implica intervenir tempranamente para transformar una&#8230;<\/p>","protected":false},"author":2,"featured_media":1686,"comment_status":"closed","ping_status":"open","sticky":false,"template":"","format":"standard","meta":{"footnotes":""},"categories":[1],"tags":[],"class_list":["post-1684","post","type-post","status-publish","format-standard","has-post-thumbnail","hentry","category-blog"],"yoast_head":"\n<title>Manejo de Conflictos en el Trabajo | Tarah<\/title>\n<meta name=\"description\" content=\"Estrategias para resolver desacuerdos, mejorar la comunicaci\u00f3n y convertir conflictos en oportunidades de crecimiento.\" \/>\n<meta name=\"robots\" content=\"index, follow, max-snippet:-1, max-image-preview:large, max-video-preview:-1\" \/>\n<link rel=\"canonical\" href=\"https:\/\/www.tarahexecutive.com\/es\/blog\/manejo-de-conflictos-en-el-trabajo\/\" \/>\n<meta property=\"og:locale\" content=\"es_MX\" \/>\n<meta property=\"og:type\" content=\"article\" \/>\n<meta property=\"og:title\" content=\"Manejo de Conflictos en el Trabajo\" \/>\n<meta property=\"og:description\" content=\"Estrategias para resolver desacuerdos, mejorar la comunicaci\u00f3n y convertir conflictos en oportunidades de crecimiento.\" \/>\n<meta property=\"og:url\" content=\"https:\/\/www.tarahexecutive.com\/es\/blog\/manejo-de-conflictos-en-el-trabajo\/\" \/>\n<meta property=\"og:site_name\" content=\"Tarah\" \/>\n<meta property=\"article:publisher\" content=\"https:\/\/www.facebook.com\/tarahreclutamiento\/\" \/>\n<meta property=\"article:published_time\" content=\"2024-05-27T17:35:08+00:00\" \/>\n<meta property=\"og:image\" content=\"https:\/\/www.tarahexecutive.com\/archivos\/2024\/05\/2-1.jpg\" \/>\n\t<meta property=\"og:image:width\" content=\"2240\" \/>\n\t<meta property=\"og:image:height\" content=\"1260\" \/>\n\t<meta property=\"og:image:type\" content=\"image\/jpeg\" \/>\n<meta name=\"author\" content=\"Master\" \/>\n<meta name=\"twitter:card\" content=\"summary_large_image\" \/>\n<meta name=\"twitter:label1\" content=\"Escrito por\" \/>\n\t<meta name=\"twitter:data1\" content=\"Master\" \/>\n\t<meta name=\"twitter:label2\" content=\"Tiempo de lectura\" \/>\n\t<meta name=\"twitter:data2\" content=\"2 minutos\" \/>\n<script type=\"application\/ld+json\" class=\"yoast-schema-graph\">{\"@context\":\"https:\/\/schema.org\",\"@graph\":[{\"@type\":\"Article\",\"@id\":\"https:\/\/www.tarahexecutive.com\/blog\/manejo-de-conflictos-en-el-trabajo\/#article\",\"isPartOf\":{\"@id\":\"https:\/\/www.tarahexecutive.com\/blog\/manejo-de-conflictos-en-el-trabajo\/\"},\"author\":{\"name\":\"Master\",\"@id\":\"https:\/\/www.tarahexecutive.com\/#\/schema\/person\/6044266e022095cf19e23648aba21375\"},\"headline\":\"Manejo de Conflictos en el Trabajo\",\"datePublished\":\"2024-05-27T17:35:08+00:00\",\"mainEntityOfPage\":{\"@id\":\"https:\/\/www.tarahexecutive.com\/blog\/manejo-de-conflictos-en-el-trabajo\/\"},\"wordCount\":372,\"publisher\":{\"@id\":\"https:\/\/www.tarahexecutive.com\/#organization\"},\"image\":{\"@id\":\"https:\/\/www.tarahexecutive.com\/blog\/manejo-de-conflictos-en-el-trabajo\/#primaryimage\"},\"thumbnailUrl\":\"https:\/\/www.tarahexecutive.com\/archivos\/2024\/05\/2-1.jpg\",\"articleSection\":[\"Blog\"],\"inLanguage\":\"es\"},{\"@type\":\"WebPage\",\"@id\":\"https:\/\/www.tarahexecutive.com\/blog\/manejo-de-conflictos-en-el-trabajo\/\",\"url\":\"https:\/\/www.tarahexecutive.com\/blog\/manejo-de-conflictos-en-el-trabajo\/\",\"name\":\"Manejo de Conflictos en el Trabajo | Tarah\",\"isPartOf\":{\"@id\":\"https:\/\/www.tarahexecutive.com\/#website\"},\"primaryImageOfPage\":{\"@id\":\"https:\/\/www.tarahexecutive.com\/blog\/manejo-de-conflictos-en-el-trabajo\/#primaryimage\"},\"image\":{\"@id\":\"https:\/\/www.tarahexecutive.com\/blog\/manejo-de-conflictos-en-el-trabajo\/#primaryimage\"},\"thumbnailUrl\":\"https:\/\/www.tarahexecutive.com\/archivos\/2024\/05\/2-1.jpg\",\"datePublished\":\"2024-05-27T17:35:08+00:00\",\"description\":\"Estrategias para resolver desacuerdos, mejorar la comunicaci\u00f3n y convertir conflictos en oportunidades de crecimiento.\",\"breadcrumb\":{\"@id\":\"https:\/\/www.tarahexecutive.com\/blog\/manejo-de-conflictos-en-el-trabajo\/#breadcrumb\"},\"inLanguage\":\"es\",\"potentialAction\":[{\"@type\":\"ReadAction\",\"target\":[\"https:\/\/www.tarahexecutive.com\/blog\/manejo-de-conflictos-en-el-trabajo\/\"]}]},{\"@type\":\"ImageObject\",\"inLanguage\":\"es\",\"@id\":\"https:\/\/www.tarahexecutive.com\/blog\/manejo-de-conflictos-en-el-trabajo\/#primaryimage\",\"url\":\"https:\/\/www.tarahexecutive.com\/archivos\/2024\/05\/2-1.jpg\",\"contentUrl\":\"https:\/\/www.tarahexecutive.com\/archivos\/2024\/05\/2-1.jpg\",\"width\":2240,\"height\":1260},{\"@type\":\"BreadcrumbList\",\"@id\":\"https:\/\/www.tarahexecutive.com\/blog\/manejo-de-conflictos-en-el-trabajo\/#breadcrumb\",\"itemListElement\":[{\"@type\":\"ListItem\",\"position\":1,\"name\":\"Home\",\"item\":\"https:\/\/www.tarahexecutive.com\/\"},{\"@type\":\"ListItem\",\"position\":2,\"name\":\"Manejo de Conflictos en el Trabajo\"}]},{\"@type\":\"WebSite\",\"@id\":\"https:\/\/www.tarahexecutive.com\/#website\",\"url\":\"https:\/\/www.tarahexecutive.com\/\",\"name\":\"TARAH\",\"description\":\"Servicio de reclutamiento ejecutivo en M\u00e9xico\",\"publisher\":{\"@id\":\"https:\/\/www.tarahexecutive.com\/#organization\"},\"potentialAction\":[{\"@type\":\"SearchAction\",\"target\":{\"@type\":\"EntryPoint\",\"urlTemplate\":\"https:\/\/www.tarahexecutive.com\/?s={search_term_string}\"},\"query-input\":{\"@type\":\"PropertyValueSpecification\",\"valueRequired\":true,\"valueName\":\"search_term_string\"}}],\"inLanguage\":\"es\"},{\"@type\":[\"Organization\",\"Place\"],\"@id\":\"https:\/\/www.tarahexecutive.com\/#organization\",\"name\":\"TARAH\",\"url\":\"https:\/\/www.tarahexecutive.com\/\",\"logo\":{\"@id\":\"https:\/\/www.tarahexecutive.com\/blog\/manejo-de-conflictos-en-el-trabajo\/#local-main-organization-logo\"},\"image\":{\"@id\":\"https:\/\/www.tarahexecutive.com\/blog\/manejo-de-conflictos-en-el-trabajo\/#local-main-organization-logo\"},\"sameAs\":[\"https:\/\/www.facebook.com\/tarahreclutamiento\/\",\"https:\/\/mx.linkedin.com\/company\/tarahsearch\",\"https:\/\/www.instagram.com\/tarah.executive\/\"],\"address\":{\"@id\":\"https:\/\/www.tarahexecutive.com\/blog\/manejo-de-conflictos-en-el-trabajo\/#local-main-place-address\"},\"geo\":{\"@type\":\"GeoCoordinates\",\"latitude\":\"31.6819508\",\"longitude\":\"-106.3946517\"},\"telephone\":[\"+526561000909\"],\"openingHoursSpecification\":[],\"email\":\"cristina@www.tarahexecutive.com\"},{\"@type\":\"Person\",\"@id\":\"https:\/\/www.tarahexecutive.com\/#\/schema\/person\/6044266e022095cf19e23648aba21375\",\"name\":\"Master\"},{\"@type\":\"PostalAddress\",\"@id\":\"https:\/\/www.tarahexecutive.com\/blog\/manejo-de-conflictos-en-el-trabajo\/#local-main-place-address\",\"streetAddress\":\"Plaza San Luis, Av. Ej\u00e9rcito Nacional 9781, Partido Senec\u00fa\",\"addressLocality\":\"Ciudad Ju\u00e1rez\",\"postalCode\":\"32459\",\"addressRegion\":\"Chihuahua\",\"addressCountry\":\"MX\"},{\"@type\":\"ImageObject\",\"inLanguage\":\"es\",\"@id\":\"https:\/\/www.tarahexecutive.com\/blog\/manejo-de-conflictos-en-el-trabajo\/#local-main-organization-logo\",\"url\":\"https:\/\/www.tarahexecutive.com\/archivos\/2022\/11\/Tarah.jpg\",\"contentUrl\":\"https:\/\/www.tarahexecutive.com\/archivos\/2022\/11\/Tarah.jpg\",\"width\":1200,\"height\":1200,\"caption\":\"TARAH\"}]}<\/script>\n<meta name=\"geo.placename\" content=\"Ciudad Ju\u00e1rez\" \/>\n<meta name=\"geo.position\" content=\"31.6819508;-106.3946517\" \/>\n<meta name=\"geo.region\" content=\"M\u00e9xico\" \/>\n","yoast_head_json":{"title":"Manejo de Conflictos en el Trabajo | Tarah","description":"Estrategias para resolver desacuerdos, mejorar la comunicaci\u00f3n y convertir conflictos en oportunidades de crecimiento.","robots":{"index":"index","follow":"follow","max-snippet":"max-snippet:-1","max-image-preview":"max-image-preview:large","max-video-preview":"max-video-preview:-1"},"canonical":"https:\/\/www.tarahexecutive.com\/es\/blog\/manejo-de-conflictos-en-el-trabajo\/","og_locale":"es_MX","og_type":"article","og_title":"Manejo de Conflictos en el Trabajo","og_description":"Estrategias para resolver desacuerdos, mejorar la comunicaci\u00f3n y convertir conflictos en oportunidades de crecimiento.","og_url":"https:\/\/www.tarahexecutive.com\/es\/blog\/manejo-de-conflictos-en-el-trabajo\/","og_site_name":"Tarah","article_publisher":"https:\/\/www.facebook.com\/tarahreclutamiento\/","article_published_time":"2024-05-27T17:35:08+00:00","og_image":[{"width":2240,"height":1260,"url":"https:\/\/www.tarahexecutive.com\/archivos\/2024\/05\/2-1.jpg","type":"image\/jpeg"}],"author":"Master","twitter_card":"summary_large_image","twitter_misc":{"Escrito por":"Master","Tiempo de lectura":"2 minutos"},"schema":{"@context":"https:\/\/schema.org","@graph":[{"@type":"Article","@id":"https:\/\/www.tarahexecutive.com\/blog\/manejo-de-conflictos-en-el-trabajo\/#article","isPartOf":{"@id":"https:\/\/www.tarahexecutive.com\/blog\/manejo-de-conflictos-en-el-trabajo\/"},"author":{"name":"Master","@id":"https:\/\/www.tarahexecutive.com\/#\/schema\/person\/6044266e022095cf19e23648aba21375"},"headline":"Manejo de Conflictos en el Trabajo","datePublished":"2024-05-27T17:35:08+00:00","mainEntityOfPage":{"@id":"https:\/\/www.tarahexecutive.com\/blog\/manejo-de-conflictos-en-el-trabajo\/"},"wordCount":372,"publisher":{"@id":"https:\/\/www.tarahexecutive.com\/#organization"},"image":{"@id":"https:\/\/www.tarahexecutive.com\/blog\/manejo-de-conflictos-en-el-trabajo\/#primaryimage"},"thumbnailUrl":"https:\/\/www.tarahexecutive.com\/archivos\/2024\/05\/2-1.jpg","articleSection":["Blog"],"inLanguage":"es"},{"@type":"WebPage","@id":"https:\/\/www.tarahexecutive.com\/blog\/manejo-de-conflictos-en-el-trabajo\/","url":"https:\/\/www.tarahexecutive.com\/blog\/manejo-de-conflictos-en-el-trabajo\/","name":"Manejo de Conflictos en el Trabajo | Tarah","isPartOf":{"@id":"https:\/\/www.tarahexecutive.com\/#website"},"primaryImageOfPage":{"@id":"https:\/\/www.tarahexecutive.com\/blog\/manejo-de-conflictos-en-el-trabajo\/#primaryimage"},"image":{"@id":"https:\/\/www.tarahexecutive.com\/blog\/manejo-de-conflictos-en-el-trabajo\/#primaryimage"},"thumbnailUrl":"https:\/\/www.tarahexecutive.com\/archivos\/2024\/05\/2-1.jpg","datePublished":"2024-05-27T17:35:08+00:00","description":"Estrategias para resolver desacuerdos, mejorar la comunicaci\u00f3n y convertir conflictos en oportunidades de crecimiento.","breadcrumb":{"@id":"https:\/\/www.tarahexecutive.com\/blog\/manejo-de-conflictos-en-el-trabajo\/#breadcrumb"},"inLanguage":"es","potentialAction":[{"@type":"ReadAction","target":["https:\/\/www.tarahexecutive.com\/blog\/manejo-de-conflictos-en-el-trabajo\/"]}]},{"@type":"ImageObject","inLanguage":"es","@id":"https:\/\/www.tarahexecutive.com\/blog\/manejo-de-conflictos-en-el-trabajo\/#primaryimage","url":"https:\/\/www.tarahexecutive.com\/archivos\/2024\/05\/2-1.jpg","contentUrl":"https:\/\/www.tarahexecutive.com\/archivos\/2024\/05\/2-1.jpg","width":2240,"height":1260},{"@type":"BreadcrumbList","@id":"https:\/\/www.tarahexecutive.com\/blog\/manejo-de-conflictos-en-el-trabajo\/#breadcrumb","itemListElement":[{"@type":"ListItem","position":1,"name":"Home","item":"https:\/\/www.tarahexecutive.com\/"},{"@type":"ListItem","position":2,"name":"Manejo de Conflictos en el Trabajo"}]},{"@type":"WebSite","@id":"https:\/\/www.tarahexecutive.com\/#website","url":"https:\/\/www.tarahexecutive.com\/","name":"TARAH","description":"Servicio de reclutamiento ejecutivo en M\u00e9xico","publisher":{"@id":"https:\/\/www.tarahexecutive.com\/#organization"},"potentialAction":[{"@type":"SearchAction","target":{"@type":"EntryPoint","urlTemplate":"https:\/\/www.tarahexecutive.com\/?s={search_term_string}"},"query-input":{"@type":"PropertyValueSpecification","valueRequired":true,"valueName":"search_term_string"}}],"inLanguage":"es"},{"@type":["Organization","Place"],"@id":"https:\/\/www.tarahexecutive.com\/#organization","name":"TARAH","url":"https:\/\/www.tarahexecutive.com\/","logo":{"@id":"https:\/\/www.tarahexecutive.com\/blog\/manejo-de-conflictos-en-el-trabajo\/#local-main-organization-logo"},"image":{"@id":"https:\/\/www.tarahexecutive.com\/blog\/manejo-de-conflictos-en-el-trabajo\/#local-main-organization-logo"},"sameAs":["https:\/\/www.facebook.com\/tarahreclutamiento\/","https:\/\/mx.linkedin.com\/company\/tarahsearch","https:\/\/www.instagram.com\/tarah.executive\/"],"address":{"@id":"https:\/\/www.tarahexecutive.com\/blog\/manejo-de-conflictos-en-el-trabajo\/#local-main-place-address"},"geo":{"@type":"GeoCoordinates","latitude":"31.6819508","longitude":"-106.3946517"},"telephone":["+526561000909"],"openingHoursSpecification":[],"email":"cristina@www.tarahexecutive.com"},{"@type":"Person","@id":"https:\/\/www.tarahexecutive.com\/#\/schema\/person\/6044266e022095cf19e23648aba21375","name":"Master"},{"@type":"PostalAddress","@id":"https:\/\/www.tarahexecutive.com\/blog\/manejo-de-conflictos-en-el-trabajo\/#local-main-place-address","streetAddress":"Plaza San Luis, Av. Ej\u00e9rcito Nacional 9781, Partido Senec\u00fa","addressLocality":"Ciudad Ju\u00e1rez","postalCode":"32459","addressRegion":"Chihuahua","addressCountry":"MX"},{"@type":"ImageObject","inLanguage":"es","@id":"https:\/\/www.tarahexecutive.com\/blog\/manejo-de-conflictos-en-el-trabajo\/#local-main-organization-logo","url":"https:\/\/www.tarahexecutive.com\/archivos\/2022\/11\/Tarah.jpg","contentUrl":"https:\/\/www.tarahexecutive.com\/archivos\/2022\/11\/Tarah.jpg","width":1200,"height":1200,"caption":"TARAH"}]},"geo.placename":"Ciudad Ju\u00e1rez","geo.position":{"lat":"31.6819508","long":"-106.3946517"},"geo.region":"M\u00e9xico"},"_links":{"self":[{"href":"https:\/\/www.tarahexecutive.com\/es\/wp-json\/wp\/v2\/posts\/1684","targetHints":{"allow":["GET"]}}],"collection":[{"href":"https:\/\/www.tarahexecutive.com\/es\/wp-json\/wp\/v2\/posts"}],"about":[{"href":"https:\/\/www.tarahexecutive.com\/es\/wp-json\/wp\/v2\/types\/post"}],"author":[{"embeddable":true,"href":"https:\/\/www.tarahexecutive.com\/es\/wp-json\/wp\/v2\/users\/2"}],"replies":[{"embeddable":true,"href":"https:\/\/www.tarahexecutive.com\/es\/wp-json\/wp\/v2\/comments?post=1684"}],"version-history":[{"count":0,"href":"https:\/\/www.tarahexecutive.com\/es\/wp-json\/wp\/v2\/posts\/1684\/revisions"}],"wp:featuredmedia":[{"embeddable":true,"href":"https:\/\/www.tarahexecutive.com\/es\/wp-json\/wp\/v2\/media\/1686"}],"wp:attachment":[{"href":"https:\/\/www.tarahexecutive.com\/es\/wp-json\/wp\/v2\/media?parent=1684"}],"wp:term":[{"taxonomy":"category","embeddable":true,"href":"https:\/\/www.tarahexecutive.com\/es\/wp-json\/wp\/v2\/categories?post=1684"},{"taxonomy":"post_tag","embeddable":true,"href":"https:\/\/www.tarahexecutive.com\/es\/wp-json\/wp\/v2\/tags?post=1684"}],"curies":[{"name":"wp","href":"https:\/\/api.w.org\/{rel}","templated":true}]}}