{"id":1680,"date":"2024-05-27T11:29:21","date_gmt":"2024-05-27T17:29:21","guid":{"rendered":"https:\/\/www.tarahexecutive.com\/?p=1680"},"modified":"2024-05-27T11:29:21","modified_gmt":"2024-05-27T17:29:21","slug":"construye-tu-marca-personal","status":"publish","type":"post","link":"https:\/\/www.tarahexecutive.com\/es\/blog\/construye-tu-marca-personal\/","title":{"rendered":"Construye tu marca personal: destaca en tu industria"},"content":{"rendered":"<p data-pm-slice=\"1 1 []\">En un mundo cada vez m\u00e1s conectado y competitivo, construir una marca personal s\u00f3lida es esencial para destacar en tu industria. Tu marca personal es c\u00f3mo te perciben los dem\u00e1s bas\u00e1ndose en tus acciones y comunicaciones diarias, tanto en el mundo digital como en el real. Si se desarrolla una marca personal de manera estrat\u00e9gica podemos gestionar y proyectar la imagen que sea m\u00e1s conveniente para destacar en alg\u00fan \u00e1mbito.<\/p>\n<h3>Aspectos a considerar al construir tu marca personal<\/h3>\n<ol class=\"ak-ol\" start=\"1\">\n<li><strong>\u00bfQu\u00e9 buscas conseguir?<\/strong><br \/>\nEl primer paso para construir tu marca personal es tener claro qu\u00e9 deseas lograr. \u00bfBuscas aumentar tus ventas, conseguir un nuevo empleo, construir una comunidad en l\u00ednea?<\/li>\n<li><strong>P\u00fablico Objetivo<\/strong><br \/>\nConocer tu audiencia es fundamental. \u00bfQui\u00e9nes son las personas que quieres atraer? Esto ayudar\u00e1 a crear contenido relevante y efectivo.<\/li>\n<li><strong>Mensaje y Tono de Comunicaci\u00f3n<\/strong><br \/>\nAdapta tu mensaje a cada plataforma y mantente fiel a qui\u00e9n eres. La coherencia y autenticidad son clave para generar confianza y fidelizar a tu audiencia.<\/li>\n<li><strong>Imagen Corporativa<\/strong><br \/>\nTu imagen corporativa debe reflejar qui\u00e9n eres y lo que representas. Alinea elementos visuales como el dise\u00f1o de tu web, fotos de perfil y estilo de vestimenta con tu identidad.<\/li>\n<li><strong>Planifica tus Acciones<\/strong><br \/>\nOrganiza tus actividades o contenido en un calendario, asegurando que mantienes una presencia constante y coherente en todas las plataformas. La constancia es vital para mantener la relevancia de tu marca personal.<\/li>\n<li><strong>Mide los Resultados<\/strong><br \/>\nUtiliza m\u00e9tricas para evaluar el impacto de tu estrategia. Monitorea el alcance, el <em>engagement<\/em> y las visitas a tu contenido. Esto te permitir\u00e1 ajustar y mejorar continuamente tu enfoque.<\/li>\n<\/ol>\n<p>Recuerda que una marca personal debe ser transparente. T\u00f3mate el tiempo para conocerte a ti mismo y desarrollar una presencia aut\u00e9ntica que te haga destacar en tu industria.<\/p>","protected":false},"excerpt":{"rendered":"<p>En un mundo cada vez m\u00e1s conectado y competitivo, construir una marca personal s\u00f3lida es esencial para destacar en tu industria. Tu marca personal es c\u00f3mo te perciben los dem\u00e1s bas\u00e1ndose en tus acciones y comunicaciones diarias, tanto en el mundo digital como en el real. Si se desarrolla una marca personal de manera estrat\u00e9gica&#8230;<\/p>","protected":false},"author":2,"featured_media":1682,"comment_status":"closed","ping_status":"open","sticky":false,"template":"","format":"standard","meta":{"footnotes":""},"categories":[1],"tags":[],"class_list":["post-1680","post","type-post","status-publish","format-standard","has-post-thumbnail","hentry","category-blog"],"yoast_head":"\n<title>Construye tu marca personal: destaca en tu industria | Tarah<\/title>\n<meta name=\"description\" content=\"Te mostramos c\u00f3mo construir una marca personal que comunique tus fortalezas, ampl\u00ede tus contactos y te posicione como experto en tu campo.\u00a0\" \/>\n<meta name=\"robots\" content=\"index, follow, max-snippet:-1, max-image-preview:large, max-video-preview:-1\" \/>\n<link rel=\"canonical\" href=\"https:\/\/www.tarahexecutive.com\/es\/blog\/construye-tu-marca-personal\/\" \/>\n<meta property=\"og:locale\" content=\"es_MX\" \/>\n<meta property=\"og:type\" content=\"article\" \/>\n<meta property=\"og:title\" content=\"Construye tu marca personal: destaca en tu industria\" \/>\n<meta property=\"og:description\" content=\"Te mostramos c\u00f3mo construir una marca personal que comunique tus fortalezas, ampl\u00ede tus contactos y te posicione como experto en tu campo.\u00a0\" \/>\n<meta property=\"og:url\" content=\"https:\/\/www.tarahexecutive.com\/es\/blog\/construye-tu-marca-personal\/\" \/>\n<meta property=\"og:site_name\" content=\"Tarah\" \/>\n<meta property=\"article:publisher\" content=\"https:\/\/www.facebook.com\/tarahreclutamiento\/\" \/>\n<meta property=\"article:published_time\" content=\"2024-05-27T17:29:21+00:00\" \/>\n<meta property=\"og:image\" content=\"https:\/\/www.tarahexecutive.com\/archivos\/2024\/05\/1-1.jpg\" \/>\n\t<meta property=\"og:image:width\" content=\"2240\" \/>\n\t<meta property=\"og:image:height\" content=\"1260\" \/>\n\t<meta property=\"og:image:type\" content=\"image\/jpeg\" \/>\n<meta name=\"author\" content=\"Master\" \/>\n<meta name=\"twitter:card\" content=\"summary_large_image\" \/>\n<meta name=\"twitter:label1\" content=\"Escrito por\" \/>\n\t<meta name=\"twitter:data1\" content=\"Master\" \/>\n\t<meta name=\"twitter:label2\" content=\"Tiempo de lectura\" \/>\n\t<meta name=\"twitter:data2\" content=\"2 minutos\" \/>\n<script type=\"application\/ld+json\" class=\"yoast-schema-graph\">{\"@context\":\"https:\/\/schema.org\",\"@graph\":[{\"@type\":\"Article\",\"@id\":\"https:\/\/www.tarahexecutive.com\/blog\/construye-tu-marca-personal\/#article\",\"isPartOf\":{\"@id\":\"https:\/\/www.tarahexecutive.com\/blog\/construye-tu-marca-personal\/\"},\"author\":{\"name\":\"Master\",\"@id\":\"https:\/\/www.tarahexecutive.com\/#\/schema\/person\/6044266e022095cf19e23648aba21375\"},\"headline\":\"Construye tu marca personal: destaca en tu industria\",\"datePublished\":\"2024-05-27T17:29:21+00:00\",\"mainEntityOfPage\":{\"@id\":\"https:\/\/www.tarahexecutive.com\/blog\/construye-tu-marca-personal\/\"},\"wordCount\":314,\"publisher\":{\"@id\":\"https:\/\/www.tarahexecutive.com\/#organization\"},\"image\":{\"@id\":\"https:\/\/www.tarahexecutive.com\/blog\/construye-tu-marca-personal\/#primaryimage\"},\"thumbnailUrl\":\"https:\/\/www.tarahexecutive.com\/archivos\/2024\/05\/1-1.jpg\",\"articleSection\":[\"Blog\"],\"inLanguage\":\"es\"},{\"@type\":\"WebPage\",\"@id\":\"https:\/\/www.tarahexecutive.com\/blog\/construye-tu-marca-personal\/\",\"url\":\"https:\/\/www.tarahexecutive.com\/blog\/construye-tu-marca-personal\/\",\"name\":\"Construye tu marca personal: destaca en tu industria | Tarah\",\"isPartOf\":{\"@id\":\"https:\/\/www.tarahexecutive.com\/#website\"},\"primaryImageOfPage\":{\"@id\":\"https:\/\/www.tarahexecutive.com\/blog\/construye-tu-marca-personal\/#primaryimage\"},\"image\":{\"@id\":\"https:\/\/www.tarahexecutive.com\/blog\/construye-tu-marca-personal\/#primaryimage\"},\"thumbnailUrl\":\"https:\/\/www.tarahexecutive.com\/archivos\/2024\/05\/1-1.jpg\",\"datePublished\":\"2024-05-27T17:29:21+00:00\",\"description\":\"Te mostramos c\u00f3mo construir una marca personal que comunique tus fortalezas, ampl\u00ede tus contactos y te posicione como experto en tu campo.\u00a0\",\"breadcrumb\":{\"@id\":\"https:\/\/www.tarahexecutive.com\/blog\/construye-tu-marca-personal\/#breadcrumb\"},\"inLanguage\":\"es\",\"potentialAction\":[{\"@type\":\"ReadAction\",\"target\":[\"https:\/\/www.tarahexecutive.com\/blog\/construye-tu-marca-personal\/\"]}]},{\"@type\":\"ImageObject\",\"inLanguage\":\"es\",\"@id\":\"https:\/\/www.tarahexecutive.com\/blog\/construye-tu-marca-personal\/#primaryimage\",\"url\":\"https:\/\/www.tarahexecutive.com\/archivos\/2024\/05\/1-1.jpg\",\"contentUrl\":\"https:\/\/www.tarahexecutive.com\/archivos\/2024\/05\/1-1.jpg\",\"width\":2240,\"height\":1260},{\"@type\":\"BreadcrumbList\",\"@id\":\"https:\/\/www.tarahexecutive.com\/blog\/construye-tu-marca-personal\/#breadcrumb\",\"itemListElement\":[{\"@type\":\"ListItem\",\"position\":1,\"name\":\"Home\",\"item\":\"https:\/\/www.tarahexecutive.com\/\"},{\"@type\":\"ListItem\",\"position\":2,\"name\":\"Construye tu marca personal: destaca en tu industria\"}]},{\"@type\":\"WebSite\",\"@id\":\"https:\/\/www.tarahexecutive.com\/#website\",\"url\":\"https:\/\/www.tarahexecutive.com\/\",\"name\":\"TARAH\",\"description\":\"Servicio de reclutamiento ejecutivo en M\u00e9xico\",\"publisher\":{\"@id\":\"https:\/\/www.tarahexecutive.com\/#organization\"},\"potentialAction\":[{\"@type\":\"SearchAction\",\"target\":{\"@type\":\"EntryPoint\",\"urlTemplate\":\"https:\/\/www.tarahexecutive.com\/?s={search_term_string}\"},\"query-input\":{\"@type\":\"PropertyValueSpecification\",\"valueRequired\":true,\"valueName\":\"search_term_string\"}}],\"inLanguage\":\"es\"},{\"@type\":[\"Organization\",\"Place\"],\"@id\":\"https:\/\/www.tarahexecutive.com\/#organization\",\"name\":\"TARAH\",\"url\":\"https:\/\/www.tarahexecutive.com\/\",\"logo\":{\"@id\":\"https:\/\/www.tarahexecutive.com\/blog\/construye-tu-marca-personal\/#local-main-organization-logo\"},\"image\":{\"@id\":\"https:\/\/www.tarahexecutive.com\/blog\/construye-tu-marca-personal\/#local-main-organization-logo\"},\"sameAs\":[\"https:\/\/www.facebook.com\/tarahreclutamiento\/\",\"https:\/\/mx.linkedin.com\/company\/tarahsearch\",\"https:\/\/www.instagram.com\/tarah.executive\/\"],\"address\":{\"@id\":\"https:\/\/www.tarahexecutive.com\/blog\/construye-tu-marca-personal\/#local-main-place-address\"},\"geo\":{\"@type\":\"GeoCoordinates\",\"latitude\":\"31.6819508\",\"longitude\":\"-106.3946517\"},\"telephone\":[\"+526561000909\"],\"openingHoursSpecification\":[],\"email\":\"cristina@www.tarahexecutive.com\"},{\"@type\":\"Person\",\"@id\":\"https:\/\/www.tarahexecutive.com\/#\/schema\/person\/6044266e022095cf19e23648aba21375\",\"name\":\"Master\"},{\"@type\":\"PostalAddress\",\"@id\":\"https:\/\/www.tarahexecutive.com\/blog\/construye-tu-marca-personal\/#local-main-place-address\",\"streetAddress\":\"Plaza San Luis, Av. Ej\u00e9rcito Nacional 9781, Partido Senec\u00fa\",\"addressLocality\":\"Ciudad Ju\u00e1rez\",\"postalCode\":\"32459\",\"addressRegion\":\"Chihuahua\",\"addressCountry\":\"MX\"},{\"@type\":\"ImageObject\",\"inLanguage\":\"es\",\"@id\":\"https:\/\/www.tarahexecutive.com\/blog\/construye-tu-marca-personal\/#local-main-organization-logo\",\"url\":\"https:\/\/www.tarahexecutive.com\/archivos\/2022\/11\/Tarah.jpg\",\"contentUrl\":\"https:\/\/www.tarahexecutive.com\/archivos\/2022\/11\/Tarah.jpg\",\"width\":1200,\"height\":1200,\"caption\":\"TARAH\"}]}<\/script>\n<meta name=\"geo.placename\" content=\"Ciudad Ju\u00e1rez\" \/>\n<meta name=\"geo.position\" content=\"31.6819508;-106.3946517\" \/>\n<meta name=\"geo.region\" content=\"M\u00e9xico\" \/>\n","yoast_head_json":{"title":"Construye tu marca personal: destaca en tu industria | Tarah","description":"Te mostramos c\u00f3mo construir una marca personal que comunique tus fortalezas, ampl\u00ede tus contactos y te posicione como experto en tu campo.\u00a0","robots":{"index":"index","follow":"follow","max-snippet":"max-snippet:-1","max-image-preview":"max-image-preview:large","max-video-preview":"max-video-preview:-1"},"canonical":"https:\/\/www.tarahexecutive.com\/es\/blog\/construye-tu-marca-personal\/","og_locale":"es_MX","og_type":"article","og_title":"Construye tu marca personal: destaca en tu industria","og_description":"Te mostramos c\u00f3mo construir una marca personal que comunique tus fortalezas, ampl\u00ede tus contactos y te posicione como experto en tu campo.\u00a0","og_url":"https:\/\/www.tarahexecutive.com\/es\/blog\/construye-tu-marca-personal\/","og_site_name":"Tarah","article_publisher":"https:\/\/www.facebook.com\/tarahreclutamiento\/","article_published_time":"2024-05-27T17:29:21+00:00","og_image":[{"width":2240,"height":1260,"url":"https:\/\/www.tarahexecutive.com\/archivos\/2024\/05\/1-1.jpg","type":"image\/jpeg"}],"author":"Master","twitter_card":"summary_large_image","twitter_misc":{"Escrito por":"Master","Tiempo de lectura":"2 minutos"},"schema":{"@context":"https:\/\/schema.org","@graph":[{"@type":"Article","@id":"https:\/\/www.tarahexecutive.com\/blog\/construye-tu-marca-personal\/#article","isPartOf":{"@id":"https:\/\/www.tarahexecutive.com\/blog\/construye-tu-marca-personal\/"},"author":{"name":"Master","@id":"https:\/\/www.tarahexecutive.com\/#\/schema\/person\/6044266e022095cf19e23648aba21375"},"headline":"Construye tu marca personal: destaca en tu industria","datePublished":"2024-05-27T17:29:21+00:00","mainEntityOfPage":{"@id":"https:\/\/www.tarahexecutive.com\/blog\/construye-tu-marca-personal\/"},"wordCount":314,"publisher":{"@id":"https:\/\/www.tarahexecutive.com\/#organization"},"image":{"@id":"https:\/\/www.tarahexecutive.com\/blog\/construye-tu-marca-personal\/#primaryimage"},"thumbnailUrl":"https:\/\/www.tarahexecutive.com\/archivos\/2024\/05\/1-1.jpg","articleSection":["Blog"],"inLanguage":"es"},{"@type":"WebPage","@id":"https:\/\/www.tarahexecutive.com\/blog\/construye-tu-marca-personal\/","url":"https:\/\/www.tarahexecutive.com\/blog\/construye-tu-marca-personal\/","name":"Construye tu marca personal: destaca en tu industria | Tarah","isPartOf":{"@id":"https:\/\/www.tarahexecutive.com\/#website"},"primaryImageOfPage":{"@id":"https:\/\/www.tarahexecutive.com\/blog\/construye-tu-marca-personal\/#primaryimage"},"image":{"@id":"https:\/\/www.tarahexecutive.com\/blog\/construye-tu-marca-personal\/#primaryimage"},"thumbnailUrl":"https:\/\/www.tarahexecutive.com\/archivos\/2024\/05\/1-1.jpg","datePublished":"2024-05-27T17:29:21+00:00","description":"Te mostramos c\u00f3mo construir una marca personal que comunique tus fortalezas, ampl\u00ede tus contactos y te posicione como experto en tu campo.\u00a0","breadcrumb":{"@id":"https:\/\/www.tarahexecutive.com\/blog\/construye-tu-marca-personal\/#breadcrumb"},"inLanguage":"es","potentialAction":[{"@type":"ReadAction","target":["https:\/\/www.tarahexecutive.com\/blog\/construye-tu-marca-personal\/"]}]},{"@type":"ImageObject","inLanguage":"es","@id":"https:\/\/www.tarahexecutive.com\/blog\/construye-tu-marca-personal\/#primaryimage","url":"https:\/\/www.tarahexecutive.com\/archivos\/2024\/05\/1-1.jpg","contentUrl":"https:\/\/www.tarahexecutive.com\/archivos\/2024\/05\/1-1.jpg","width":2240,"height":1260},{"@type":"BreadcrumbList","@id":"https:\/\/www.tarahexecutive.com\/blog\/construye-tu-marca-personal\/#breadcrumb","itemListElement":[{"@type":"ListItem","position":1,"name":"Home","item":"https:\/\/www.tarahexecutive.com\/"},{"@type":"ListItem","position":2,"name":"Construye tu marca personal: destaca en tu industria"}]},{"@type":"WebSite","@id":"https:\/\/www.tarahexecutive.com\/#website","url":"https:\/\/www.tarahexecutive.com\/","name":"TARAH","description":"Servicio de reclutamiento ejecutivo en M\u00e9xico","publisher":{"@id":"https:\/\/www.tarahexecutive.com\/#organization"},"potentialAction":[{"@type":"SearchAction","target":{"@type":"EntryPoint","urlTemplate":"https:\/\/www.tarahexecutive.com\/?s={search_term_string}"},"query-input":{"@type":"PropertyValueSpecification","valueRequired":true,"valueName":"search_term_string"}}],"inLanguage":"es"},{"@type":["Organization","Place"],"@id":"https:\/\/www.tarahexecutive.com\/#organization","name":"TARAH","url":"https:\/\/www.tarahexecutive.com\/","logo":{"@id":"https:\/\/www.tarahexecutive.com\/blog\/construye-tu-marca-personal\/#local-main-organization-logo"},"image":{"@id":"https:\/\/www.tarahexecutive.com\/blog\/construye-tu-marca-personal\/#local-main-organization-logo"},"sameAs":["https:\/\/www.facebook.com\/tarahreclutamiento\/","https:\/\/mx.linkedin.com\/company\/tarahsearch","https:\/\/www.instagram.com\/tarah.executive\/"],"address":{"@id":"https:\/\/www.tarahexecutive.com\/blog\/construye-tu-marca-personal\/#local-main-place-address"},"geo":{"@type":"GeoCoordinates","latitude":"31.6819508","longitude":"-106.3946517"},"telephone":["+526561000909"],"openingHoursSpecification":[],"email":"cristina@www.tarahexecutive.com"},{"@type":"Person","@id":"https:\/\/www.tarahexecutive.com\/#\/schema\/person\/6044266e022095cf19e23648aba21375","name":"Master"},{"@type":"PostalAddress","@id":"https:\/\/www.tarahexecutive.com\/blog\/construye-tu-marca-personal\/#local-main-place-address","streetAddress":"Plaza San Luis, Av. Ej\u00e9rcito Nacional 9781, Partido Senec\u00fa","addressLocality":"Ciudad Ju\u00e1rez","postalCode":"32459","addressRegion":"Chihuahua","addressCountry":"MX"},{"@type":"ImageObject","inLanguage":"es","@id":"https:\/\/www.tarahexecutive.com\/blog\/construye-tu-marca-personal\/#local-main-organization-logo","url":"https:\/\/www.tarahexecutive.com\/archivos\/2022\/11\/Tarah.jpg","contentUrl":"https:\/\/www.tarahexecutive.com\/archivos\/2022\/11\/Tarah.jpg","width":1200,"height":1200,"caption":"TARAH"}]},"geo.placename":"Ciudad Ju\u00e1rez","geo.position":{"lat":"31.6819508","long":"-106.3946517"},"geo.region":"M\u00e9xico"},"_links":{"self":[{"href":"https:\/\/www.tarahexecutive.com\/es\/wp-json\/wp\/v2\/posts\/1680","targetHints":{"allow":["GET"]}}],"collection":[{"href":"https:\/\/www.tarahexecutive.com\/es\/wp-json\/wp\/v2\/posts"}],"about":[{"href":"https:\/\/www.tarahexecutive.com\/es\/wp-json\/wp\/v2\/types\/post"}],"author":[{"embeddable":true,"href":"https:\/\/www.tarahexecutive.com\/es\/wp-json\/wp\/v2\/users\/2"}],"replies":[{"embeddable":true,"href":"https:\/\/www.tarahexecutive.com\/es\/wp-json\/wp\/v2\/comments?post=1680"}],"version-history":[{"count":0,"href":"https:\/\/www.tarahexecutive.com\/es\/wp-json\/wp\/v2\/posts\/1680\/revisions"}],"wp:featuredmedia":[{"embeddable":true,"href":"https:\/\/www.tarahexecutive.com\/es\/wp-json\/wp\/v2\/media\/1682"}],"wp:attachment":[{"href":"https:\/\/www.tarahexecutive.com\/es\/wp-json\/wp\/v2\/media?parent=1680"}],"wp:term":[{"taxonomy":"category","embeddable":true,"href":"https:\/\/www.tarahexecutive.com\/es\/wp-json\/wp\/v2\/categories?post=1680"},{"taxonomy":"post_tag","embeddable":true,"href":"https:\/\/www.tarahexecutive.com\/es\/wp-json\/wp\/v2\/tags?post=1680"}],"curies":[{"name":"wp","href":"https:\/\/api.w.org\/{rel}","templated":true}]}}