{"id":1576,"date":"2024-03-15T15:58:55","date_gmt":"2024-03-15T21:58:55","guid":{"rendered":"https:\/\/www.tarahexecutive.com\/?p=1576"},"modified":"2024-03-15T15:58:55","modified_gmt":"2024-03-15T21:58:55","slug":"como-atraer-a-la-generacion-z","status":"publish","type":"post","link":"https:\/\/www.tarahexecutive.com\/es\/blog\/como-atraer-a-la-generacion-z\/","title":{"rendered":"\u00bfC\u00f3mo atraer a la Generaci\u00f3n Z?"},"content":{"rendered":"<p data-pm-slice=\"1 1 []\">La generaci\u00f3n Z se conforma por las personas que nacieron entre 1995 y 2010, y para 2025 esta generaci\u00f3n representar\u00e1 m\u00e1s de una cuarta parte de la mano de obra mundial. Los profesionales de reclutamiento afirman que atraer y retener a esta nueva generaci\u00f3n ser\u00e1 uno de los mayores retos en los pr\u00f3ximos a\u00f1os.<\/p>\n<p>Te compartimos algunos consejos a tomar en cuenta para atraer y retener a miembros de la generaci\u00f3n Z:<\/p>\n<p><strong>Ofrece flexibilidad<\/strong><br \/>\nHoy en d\u00eda muchos candidatos optan por opciones de trabajo flexibles y esta generaci\u00f3n no se queda atr\u00e1s. Dado que suelen dominar el mundo digital, prefieren trabajar desde casa o donde les resulte m\u00e1s c\u00f3modo, esperan poder trabajar desde cualquier lugar que se adapte en sus vidas.<\/p>\n<p><strong>Agiliza el proceso de selecci\u00f3n<\/strong><br \/>\nEste grupo est\u00e1 acostumbrado al acceso f\u00e1cil y r\u00e1pido a la informaci\u00f3n, y no aceptar\u00e1n menos de los empleadores. Esperan un proceso de contrataci\u00f3n que sea eficiente, f\u00e1cil de entender y accesible, no van a esperar semanas a que un Hiring Manager tome una decisi\u00f3n.<\/p>\n<p><strong>Prioriza un balance trabajo\/vida personal<\/strong><br \/>\nEs fundamental que la empresa promueva un equilibrio en los profesionales de la generaci\u00f3n Z. Los jefes deben aprender a ceder tiempo para acudir a citas m\u00e9dicas y otras emergencias que surjan, adem\u00e1s de respetar los horarios de descanso de sus colaboradores. La cultura de la empresa y el equipo de RH debe fomentar la responsabilidad individual de equilibrar la vida laboral con la personal, y se\u00f1alar la importancia de ello.<\/p>\n<p><strong>Muestra oportunidades de crecimiento<\/strong><br \/>\nDesde la oferta, los candidatos de esta generaci\u00f3n exigen transparencia en cuanto a las oportunidades de desarrollo interno que van a tener a futuro, buscan asegurar desde un inicio su crecimiento profesional en la empresa.<\/p>\n<p><strong>Promueve equipos mixtos<\/strong><br \/>\nMezclar y combinar diferentes generaciones en un mismo equipo es una de las claves para atraer y retener a las y los trabajadores de la generaci\u00f3n Z. Los equipos que tienen miembros de varias generaciones que re\u00fanen sus experiencias y objetivos profesionales son valorados por las nuevas generaciones, ya que es una oportunidad para que aprendan y se desarrollen efectivamente en su puesto.<\/p>\n<p>La incorporaci\u00f3n de la generaci\u00f3n Z a la fuerza laboral plantea desaf\u00edos \u00fanicos y oportunidades para los profesionales de reclutamiento, estos j\u00f3venes profesionales buscan transparencia, rapidez y comodidad, as\u00ed como un ambiente que promueva el desarrollo profesional y personal. Al priorizar estas consideraciones, las empresas no solo se alinear\u00e1n con las expectativas de esta generaci\u00f3n sino que tambi\u00e9n fortalecer\u00e1n su posici\u00f3n en un mercado laboral competitivo y en constante cambio, asegurando as\u00ed su relevancia y capacidad para atraer a nuevos talentos.<\/p>","protected":false},"excerpt":{"rendered":"<p>La generaci\u00f3n Z se conforma por las personas que nacieron entre 1995 y 2010, y para 2025 esta generaci\u00f3n representar\u00e1 m\u00e1s de una cuarta parte de la mano de obra mundial. Los profesionales de reclutamiento afirman que atraer y retener a esta nueva generaci\u00f3n ser\u00e1 uno de los mayores retos en los pr\u00f3ximos a\u00f1os. Te&#8230;<\/p>","protected":false},"author":2,"featured_media":1578,"comment_status":"closed","ping_status":"open","sticky":false,"template":"","format":"standard","meta":{"footnotes":""},"categories":[1],"tags":[],"class_list":["post-1576","post","type-post","status-publish","format-standard","has-post-thumbnail","hentry","category-blog"],"yoast_head":"\n<title>\u00bfC\u00f3mo atraer a la Generaci\u00f3n Z? | Tarah<\/title>\n<meta name=\"description\" content=\"Atraer y retener a la Generaci\u00f3n Z ser\u00e1 uno de los mayores retos en pr\u00f3ximos a\u00f1os, \u00a1explora las estrategias para lograrlo!\" \/>\n<meta name=\"robots\" content=\"index, follow, max-snippet:-1, max-image-preview:large, max-video-preview:-1\" \/>\n<link rel=\"canonical\" href=\"https:\/\/www.tarahexecutive.com\/es\/blog\/como-atraer-a-la-generacion-z\/\" \/>\n<meta property=\"og:locale\" content=\"es_MX\" \/>\n<meta property=\"og:type\" content=\"article\" \/>\n<meta property=\"og:title\" content=\"\u00bfC\u00f3mo atraer a la Generaci\u00f3n Z?\" \/>\n<meta property=\"og:description\" content=\"Atraer y retener a la Generaci\u00f3n Z ser\u00e1 uno de los mayores retos en pr\u00f3ximos a\u00f1os, \u00a1explora las estrategias para lograrlo!\" \/>\n<meta property=\"og:url\" content=\"https:\/\/www.tarahexecutive.com\/es\/blog\/como-atraer-a-la-generacion-z\/\" \/>\n<meta property=\"og:site_name\" content=\"Tarah\" \/>\n<meta property=\"article:publisher\" content=\"https:\/\/www.facebook.com\/tarahreclutamiento\/\" \/>\n<meta property=\"article:published_time\" content=\"2024-03-15T21:58:55+00:00\" \/>\n<meta property=\"og:image\" content=\"https:\/\/www.tarahexecutive.com\/archivos\/2024\/03\/foto-1.jpg\" \/>\n\t<meta property=\"og:image:width\" content=\"2240\" \/>\n\t<meta property=\"og:image:height\" content=\"1260\" \/>\n\t<meta property=\"og:image:type\" content=\"image\/jpeg\" \/>\n<meta name=\"author\" content=\"Master\" \/>\n<meta name=\"twitter:card\" content=\"summary_large_image\" \/>\n<meta name=\"twitter:label1\" content=\"Escrito por\" \/>\n\t<meta name=\"twitter:data1\" content=\"Master\" \/>\n\t<meta name=\"twitter:label2\" content=\"Tiempo de lectura\" \/>\n\t<meta name=\"twitter:data2\" content=\"3 minutos\" \/>\n<script type=\"application\/ld+json\" class=\"yoast-schema-graph\">{\"@context\":\"https:\/\/schema.org\",\"@graph\":[{\"@type\":\"Article\",\"@id\":\"https:\/\/www.tarahexecutive.com\/blog\/como-atraer-a-la-generacion-z\/#article\",\"isPartOf\":{\"@id\":\"https:\/\/www.tarahexecutive.com\/blog\/como-atraer-a-la-generacion-z\/\"},\"author\":{\"name\":\"Master\",\"@id\":\"https:\/\/www.tarahexecutive.com\/#\/schema\/person\/6044266e022095cf19e23648aba21375\"},\"headline\":\"\u00bfC\u00f3mo atraer a la Generaci\u00f3n Z?\",\"datePublished\":\"2024-03-15T21:58:55+00:00\",\"mainEntityOfPage\":{\"@id\":\"https:\/\/www.tarahexecutive.com\/blog\/como-atraer-a-la-generacion-z\/\"},\"wordCount\":475,\"publisher\":{\"@id\":\"https:\/\/www.tarahexecutive.com\/#organization\"},\"image\":{\"@id\":\"https:\/\/www.tarahexecutive.com\/blog\/como-atraer-a-la-generacion-z\/#primaryimage\"},\"thumbnailUrl\":\"https:\/\/www.tarahexecutive.com\/archivos\/2024\/03\/foto-1.jpg\",\"articleSection\":[\"Blog\"],\"inLanguage\":\"es\"},{\"@type\":\"WebPage\",\"@id\":\"https:\/\/www.tarahexecutive.com\/blog\/como-atraer-a-la-generacion-z\/\",\"url\":\"https:\/\/www.tarahexecutive.com\/blog\/como-atraer-a-la-generacion-z\/\",\"name\":\"\u00bfC\u00f3mo atraer a la Generaci\u00f3n Z? | Tarah\",\"isPartOf\":{\"@id\":\"https:\/\/www.tarahexecutive.com\/#website\"},\"primaryImageOfPage\":{\"@id\":\"https:\/\/www.tarahexecutive.com\/blog\/como-atraer-a-la-generacion-z\/#primaryimage\"},\"image\":{\"@id\":\"https:\/\/www.tarahexecutive.com\/blog\/como-atraer-a-la-generacion-z\/#primaryimage\"},\"thumbnailUrl\":\"https:\/\/www.tarahexecutive.com\/archivos\/2024\/03\/foto-1.jpg\",\"datePublished\":\"2024-03-15T21:58:55+00:00\",\"description\":\"Atraer y retener a la Generaci\u00f3n Z ser\u00e1 uno de los mayores retos en pr\u00f3ximos a\u00f1os, \u00a1explora las estrategias para lograrlo!\",\"breadcrumb\":{\"@id\":\"https:\/\/www.tarahexecutive.com\/blog\/como-atraer-a-la-generacion-z\/#breadcrumb\"},\"inLanguage\":\"es\",\"potentialAction\":[{\"@type\":\"ReadAction\",\"target\":[\"https:\/\/www.tarahexecutive.com\/blog\/como-atraer-a-la-generacion-z\/\"]}]},{\"@type\":\"ImageObject\",\"inLanguage\":\"es\",\"@id\":\"https:\/\/www.tarahexecutive.com\/blog\/como-atraer-a-la-generacion-z\/#primaryimage\",\"url\":\"https:\/\/www.tarahexecutive.com\/archivos\/2024\/03\/foto-1.jpg\",\"contentUrl\":\"https:\/\/www.tarahexecutive.com\/archivos\/2024\/03\/foto-1.jpg\",\"width\":2240,\"height\":1260},{\"@type\":\"BreadcrumbList\",\"@id\":\"https:\/\/www.tarahexecutive.com\/blog\/como-atraer-a-la-generacion-z\/#breadcrumb\",\"itemListElement\":[{\"@type\":\"ListItem\",\"position\":1,\"name\":\"Home\",\"item\":\"https:\/\/www.tarahexecutive.com\/\"},{\"@type\":\"ListItem\",\"position\":2,\"name\":\"\u00bfC\u00f3mo atraer a la Generaci\u00f3n Z?\"}]},{\"@type\":\"WebSite\",\"@id\":\"https:\/\/www.tarahexecutive.com\/#website\",\"url\":\"https:\/\/www.tarahexecutive.com\/\",\"name\":\"TARAH\",\"description\":\"Servicio de reclutamiento ejecutivo en M\u00e9xico\",\"publisher\":{\"@id\":\"https:\/\/www.tarahexecutive.com\/#organization\"},\"potentialAction\":[{\"@type\":\"SearchAction\",\"target\":{\"@type\":\"EntryPoint\",\"urlTemplate\":\"https:\/\/www.tarahexecutive.com\/?s={search_term_string}\"},\"query-input\":{\"@type\":\"PropertyValueSpecification\",\"valueRequired\":true,\"valueName\":\"search_term_string\"}}],\"inLanguage\":\"es\"},{\"@type\":[\"Organization\",\"Place\"],\"@id\":\"https:\/\/www.tarahexecutive.com\/#organization\",\"name\":\"TARAH\",\"url\":\"https:\/\/www.tarahexecutive.com\/\",\"logo\":{\"@id\":\"https:\/\/www.tarahexecutive.com\/blog\/como-atraer-a-la-generacion-z\/#local-main-organization-logo\"},\"image\":{\"@id\":\"https:\/\/www.tarahexecutive.com\/blog\/como-atraer-a-la-generacion-z\/#local-main-organization-logo\"},\"sameAs\":[\"https:\/\/www.facebook.com\/tarahreclutamiento\/\",\"https:\/\/mx.linkedin.com\/company\/tarahsearch\",\"https:\/\/www.instagram.com\/tarah.executive\/\"],\"address\":{\"@id\":\"https:\/\/www.tarahexecutive.com\/blog\/como-atraer-a-la-generacion-z\/#local-main-place-address\"},\"geo\":{\"@type\":\"GeoCoordinates\",\"latitude\":\"31.6819508\",\"longitude\":\"-106.3946517\"},\"telephone\":[\"+526561000909\"],\"openingHoursSpecification\":[],\"email\":\"cristina@www.tarahexecutive.com\"},{\"@type\":\"Person\",\"@id\":\"https:\/\/www.tarahexecutive.com\/#\/schema\/person\/6044266e022095cf19e23648aba21375\",\"name\":\"Master\"},{\"@type\":\"PostalAddress\",\"@id\":\"https:\/\/www.tarahexecutive.com\/blog\/como-atraer-a-la-generacion-z\/#local-main-place-address\",\"streetAddress\":\"Plaza San Luis, Av. Ej\u00e9rcito Nacional 9781, Partido Senec\u00fa\",\"addressLocality\":\"Ciudad Ju\u00e1rez\",\"postalCode\":\"32459\",\"addressRegion\":\"Chihuahua\",\"addressCountry\":\"MX\"},{\"@type\":\"ImageObject\",\"inLanguage\":\"es\",\"@id\":\"https:\/\/www.tarahexecutive.com\/blog\/como-atraer-a-la-generacion-z\/#local-main-organization-logo\",\"url\":\"https:\/\/www.tarahexecutive.com\/archivos\/2022\/11\/Tarah.jpg\",\"contentUrl\":\"https:\/\/www.tarahexecutive.com\/archivos\/2022\/11\/Tarah.jpg\",\"width\":1200,\"height\":1200,\"caption\":\"TARAH\"}]}<\/script>\n<meta name=\"geo.placename\" content=\"Ciudad Ju\u00e1rez\" \/>\n<meta name=\"geo.position\" content=\"31.6819508;-106.3946517\" \/>\n<meta name=\"geo.region\" content=\"M\u00e9xico\" \/>\n","yoast_head_json":{"title":"\u00bfC\u00f3mo atraer a la Generaci\u00f3n Z? | Tarah","description":"Atraer y retener a la Generaci\u00f3n Z ser\u00e1 uno de los mayores retos en pr\u00f3ximos a\u00f1os, \u00a1explora las estrategias para lograrlo!","robots":{"index":"index","follow":"follow","max-snippet":"max-snippet:-1","max-image-preview":"max-image-preview:large","max-video-preview":"max-video-preview:-1"},"canonical":"https:\/\/www.tarahexecutive.com\/es\/blog\/como-atraer-a-la-generacion-z\/","og_locale":"es_MX","og_type":"article","og_title":"\u00bfC\u00f3mo atraer a la Generaci\u00f3n Z?","og_description":"Atraer y retener a la Generaci\u00f3n Z ser\u00e1 uno de los mayores retos en pr\u00f3ximos a\u00f1os, \u00a1explora las estrategias para lograrlo!","og_url":"https:\/\/www.tarahexecutive.com\/es\/blog\/como-atraer-a-la-generacion-z\/","og_site_name":"Tarah","article_publisher":"https:\/\/www.facebook.com\/tarahreclutamiento\/","article_published_time":"2024-03-15T21:58:55+00:00","og_image":[{"width":2240,"height":1260,"url":"https:\/\/www.tarahexecutive.com\/archivos\/2024\/03\/foto-1.jpg","type":"image\/jpeg"}],"author":"Master","twitter_card":"summary_large_image","twitter_misc":{"Escrito por":"Master","Tiempo de lectura":"3 minutos"},"schema":{"@context":"https:\/\/schema.org","@graph":[{"@type":"Article","@id":"https:\/\/www.tarahexecutive.com\/blog\/como-atraer-a-la-generacion-z\/#article","isPartOf":{"@id":"https:\/\/www.tarahexecutive.com\/blog\/como-atraer-a-la-generacion-z\/"},"author":{"name":"Master","@id":"https:\/\/www.tarahexecutive.com\/#\/schema\/person\/6044266e022095cf19e23648aba21375"},"headline":"\u00bfC\u00f3mo atraer a la Generaci\u00f3n Z?","datePublished":"2024-03-15T21:58:55+00:00","mainEntityOfPage":{"@id":"https:\/\/www.tarahexecutive.com\/blog\/como-atraer-a-la-generacion-z\/"},"wordCount":475,"publisher":{"@id":"https:\/\/www.tarahexecutive.com\/#organization"},"image":{"@id":"https:\/\/www.tarahexecutive.com\/blog\/como-atraer-a-la-generacion-z\/#primaryimage"},"thumbnailUrl":"https:\/\/www.tarahexecutive.com\/archivos\/2024\/03\/foto-1.jpg","articleSection":["Blog"],"inLanguage":"es"},{"@type":"WebPage","@id":"https:\/\/www.tarahexecutive.com\/blog\/como-atraer-a-la-generacion-z\/","url":"https:\/\/www.tarahexecutive.com\/blog\/como-atraer-a-la-generacion-z\/","name":"\u00bfC\u00f3mo atraer a la Generaci\u00f3n Z? | Tarah","isPartOf":{"@id":"https:\/\/www.tarahexecutive.com\/#website"},"primaryImageOfPage":{"@id":"https:\/\/www.tarahexecutive.com\/blog\/como-atraer-a-la-generacion-z\/#primaryimage"},"image":{"@id":"https:\/\/www.tarahexecutive.com\/blog\/como-atraer-a-la-generacion-z\/#primaryimage"},"thumbnailUrl":"https:\/\/www.tarahexecutive.com\/archivos\/2024\/03\/foto-1.jpg","datePublished":"2024-03-15T21:58:55+00:00","description":"Atraer y retener a la Generaci\u00f3n Z ser\u00e1 uno de los mayores retos en pr\u00f3ximos a\u00f1os, \u00a1explora las estrategias para lograrlo!","breadcrumb":{"@id":"https:\/\/www.tarahexecutive.com\/blog\/como-atraer-a-la-generacion-z\/#breadcrumb"},"inLanguage":"es","potentialAction":[{"@type":"ReadAction","target":["https:\/\/www.tarahexecutive.com\/blog\/como-atraer-a-la-generacion-z\/"]}]},{"@type":"ImageObject","inLanguage":"es","@id":"https:\/\/www.tarahexecutive.com\/blog\/como-atraer-a-la-generacion-z\/#primaryimage","url":"https:\/\/www.tarahexecutive.com\/archivos\/2024\/03\/foto-1.jpg","contentUrl":"https:\/\/www.tarahexecutive.com\/archivos\/2024\/03\/foto-1.jpg","width":2240,"height":1260},{"@type":"BreadcrumbList","@id":"https:\/\/www.tarahexecutive.com\/blog\/como-atraer-a-la-generacion-z\/#breadcrumb","itemListElement":[{"@type":"ListItem","position":1,"name":"Home","item":"https:\/\/www.tarahexecutive.com\/"},{"@type":"ListItem","position":2,"name":"\u00bfC\u00f3mo atraer a la Generaci\u00f3n Z?"}]},{"@type":"WebSite","@id":"https:\/\/www.tarahexecutive.com\/#website","url":"https:\/\/www.tarahexecutive.com\/","name":"TARAH","description":"Servicio de reclutamiento ejecutivo en M\u00e9xico","publisher":{"@id":"https:\/\/www.tarahexecutive.com\/#organization"},"potentialAction":[{"@type":"SearchAction","target":{"@type":"EntryPoint","urlTemplate":"https:\/\/www.tarahexecutive.com\/?s={search_term_string}"},"query-input":{"@type":"PropertyValueSpecification","valueRequired":true,"valueName":"search_term_string"}}],"inLanguage":"es"},{"@type":["Organization","Place"],"@id":"https:\/\/www.tarahexecutive.com\/#organization","name":"TARAH","url":"https:\/\/www.tarahexecutive.com\/","logo":{"@id":"https:\/\/www.tarahexecutive.com\/blog\/como-atraer-a-la-generacion-z\/#local-main-organization-logo"},"image":{"@id":"https:\/\/www.tarahexecutive.com\/blog\/como-atraer-a-la-generacion-z\/#local-main-organization-logo"},"sameAs":["https:\/\/www.facebook.com\/tarahreclutamiento\/","https:\/\/mx.linkedin.com\/company\/tarahsearch","https:\/\/www.instagram.com\/tarah.executive\/"],"address":{"@id":"https:\/\/www.tarahexecutive.com\/blog\/como-atraer-a-la-generacion-z\/#local-main-place-address"},"geo":{"@type":"GeoCoordinates","latitude":"31.6819508","longitude":"-106.3946517"},"telephone":["+526561000909"],"openingHoursSpecification":[],"email":"cristina@www.tarahexecutive.com"},{"@type":"Person","@id":"https:\/\/www.tarahexecutive.com\/#\/schema\/person\/6044266e022095cf19e23648aba21375","name":"Master"},{"@type":"PostalAddress","@id":"https:\/\/www.tarahexecutive.com\/blog\/como-atraer-a-la-generacion-z\/#local-main-place-address","streetAddress":"Plaza San Luis, Av. Ej\u00e9rcito Nacional 9781, Partido Senec\u00fa","addressLocality":"Ciudad Ju\u00e1rez","postalCode":"32459","addressRegion":"Chihuahua","addressCountry":"MX"},{"@type":"ImageObject","inLanguage":"es","@id":"https:\/\/www.tarahexecutive.com\/blog\/como-atraer-a-la-generacion-z\/#local-main-organization-logo","url":"https:\/\/www.tarahexecutive.com\/archivos\/2022\/11\/Tarah.jpg","contentUrl":"https:\/\/www.tarahexecutive.com\/archivos\/2022\/11\/Tarah.jpg","width":1200,"height":1200,"caption":"TARAH"}]},"geo.placename":"Ciudad Ju\u00e1rez","geo.position":{"lat":"31.6819508","long":"-106.3946517"},"geo.region":"M\u00e9xico"},"_links":{"self":[{"href":"https:\/\/www.tarahexecutive.com\/es\/wp-json\/wp\/v2\/posts\/1576","targetHints":{"allow":["GET"]}}],"collection":[{"href":"https:\/\/www.tarahexecutive.com\/es\/wp-json\/wp\/v2\/posts"}],"about":[{"href":"https:\/\/www.tarahexecutive.com\/es\/wp-json\/wp\/v2\/types\/post"}],"author":[{"embeddable":true,"href":"https:\/\/www.tarahexecutive.com\/es\/wp-json\/wp\/v2\/users\/2"}],"replies":[{"embeddable":true,"href":"https:\/\/www.tarahexecutive.com\/es\/wp-json\/wp\/v2\/comments?post=1576"}],"version-history":[{"count":0,"href":"https:\/\/www.tarahexecutive.com\/es\/wp-json\/wp\/v2\/posts\/1576\/revisions"}],"wp:featuredmedia":[{"embeddable":true,"href":"https:\/\/www.tarahexecutive.com\/es\/wp-json\/wp\/v2\/media\/1578"}],"wp:attachment":[{"href":"https:\/\/www.tarahexecutive.com\/es\/wp-json\/wp\/v2\/media?parent=1576"}],"wp:term":[{"taxonomy":"category","embeddable":true,"href":"https:\/\/www.tarahexecutive.com\/es\/wp-json\/wp\/v2\/categories?post=1576"},{"taxonomy":"post_tag","embeddable":true,"href":"https:\/\/www.tarahexecutive.com\/es\/wp-json\/wp\/v2\/tags?post=1576"}],"curies":[{"name":"wp","href":"https:\/\/api.w.org\/{rel}","templated":true}]}}