{"id":1062,"date":"2023-09-04T15:00:19","date_gmt":"2023-09-04T21:00:19","guid":{"rendered":"https:\/\/www.tarahexecutive.com\/?p=1062"},"modified":"2023-09-04T18:33:24","modified_gmt":"2023-09-05T00:33:24","slug":"la-importancia-de-la-diversidad-e-inclusion-en-el-ambito-laboral","status":"publish","type":"post","link":"https:\/\/www.tarahexecutive.com\/es\/blog\/la-importancia-de-la-diversidad-e-inclusion-en-el-ambito-laboral\/","title":{"rendered":"La importancia de la diversidad e inclusi\u00f3n en el \u00e1mbito laboral"},"content":{"rendered":"<p>La diversidad y la inclusi\u00f3n son dos conceptos que se refieren a la valoraci\u00f3n y el respeto de las diferencias entre las personas en el \u00e1mbito laboral. Estas diferencias pueden ser de g\u00e9nero, edad, origen, cultura, religi\u00f3n, orientaci\u00f3n sexual, discapacidad, entre otras. La diversidad y la inclusi\u00f3n no solo son cuestiones \u00e9ticas o morales, sino que tambi\u00e9n tienen un impacto positivo en el desempe\u00f1o, la innovaci\u00f3n y la competitividad de las organizaciones. En este art\u00edculo, vamos a explorar la importancia de la diversidad e inclusi\u00f3n en el \u00e1mbito laboral, as\u00ed como algunas recomendaciones para implementarlas de manera efectiva.<\/p>\n<h2>Beneficios de la diversidad y la inclusi\u00f3n<\/h2>\n<p>Uno de los beneficios de la diversidad y la inclusi\u00f3n es que mejora el clima laboral y la satisfacci\u00f3n de los empleados. Al fomentar un ambiente de trabajo donde se respeta y se valora la diversidad, se genera un mayor sentido de pertenencia, confianza y compromiso entre los empleados. Esto se traduce en una mayor motivaci\u00f3n, productividad y retenci\u00f3n del talento.<\/p>\n<p>Otro beneficio es que aumenta la creatividad y la innovaci\u00f3n. Al contar con equipos de trabajo diversos e inclusivos, se favorece el intercambio de ideas, perspectivas y experiencias diferentes. Esto estimula el pensamiento cr\u00edtico, la resoluci\u00f3n de problemas y la generaci\u00f3n de soluciones originales y adaptadas a las necesidades de los clientes.<\/p>\n<p>Un tercer beneficio es que mejora la reputaci\u00f3n y la responsabilidad social. Al demostrar un compromiso con la diversidad y la inclusi\u00f3n, las organizaciones proyectan una imagen positiva ante sus clientes, proveedores, socios y la sociedad en general. Esto les permite diferenciarse de sus competidores, atraer nuevos mercados y contribuir al desarrollo sostenible.<\/p>\n<h2>Desaf\u00edos de la diversidad y la inclusi\u00f3n<\/h2>\n<p>Sin embargo, la diversidad y la inclusi\u00f3n tambi\u00e9n implican una serie de desaf\u00edos que deben ser abordados para garantizar su \u00e9xito. Uno de estos desaf\u00edos es superar los prejuicios y los estereotipos. A pesar de los avances sociales y legales, todav\u00eda existen actitudes y comportamientos discriminatorios hacia ciertos grupos o individuos por razones de diversidad. Estos prejuicios y estereotipos pueden generar barreras, conflictos y desigualdades en el \u00e1mbito laboral.<\/p>\n<p>Otro desaf\u00edo es adaptar las pol\u00edticas y las pr\u00e1cticas organizacionales. Para promover la diversidad y la inclusi\u00f3n, es necesario revisar y modificar las pol\u00edticas y las pr\u00e1cticas organizacionales que puedan estar limitando o excluyendo a ciertas personas o colectivos. Esto implica un cambio cultural que requiere el apoyo y el liderazgo de la direcci\u00f3n.<\/p>\n<p>Un tercer desaf\u00edo es capacitar y sensibilizar al personal. Para lograr una cultura organizacional diversa e inclusiva, es fundamental capacitar y sensibilizar al personal sobre los conceptos, los beneficios y los desaf\u00edos de la diversidad y la inclusi\u00f3n. Esto implica desarrollar competencias interculturales, comunicativas y colaborativas que permitan trabajar eficazmente con personas diferentes.<\/p>\n<h2>Recomendaciones para implementar la diversidad y la inclusi\u00f3n<\/h2>\n<p>Para implementar la diversidad y la inclusi\u00f3n en el \u00e1mbito laboral, se pueden seguir algunas recomendaciones como las siguientes:<\/p>\n<ul>\n<li>Definir una visi\u00f3n y una estrategia. Es importante establecer una visi\u00f3n clara y compartida sobre lo que significa la diversidad y la inclusi\u00f3n para la organizaci\u00f3n, as\u00ed como definir una estrategia con objetivos, acciones e indicadores que permitan medir su avance.<\/li>\n<li>Crear un comit\u00e9 o una unidad de diversidad e inclusi\u00f3n. Es conveniente crear un comit\u00e9 o una unidad encargada de coordinar, supervisar y evaluar las iniciativas relacionadas con la diversidad e inclusi\u00f3n en la organizaci\u00f3n. Este comit\u00e9 o unidad debe estar integrado por personas de diferentes \u00e1reas, niveles y perfiles.<\/li>\n<li>Comunicar y difundir la diversidad e inclusi\u00f3n. Es esencial comunicar y difundir la diversidad e inclusi\u00f3n de manera interna y externa, utilizando diversos canales y medios. Esto implica informar, educar y sensibilizar a todos los actores involucrados sobre la importancia, los beneficios y los desaf\u00edos de la diversidad e inclusi\u00f3n.<\/li>\n<li>Reconocer y celebrar la diversidad e inclusi\u00f3n. Es fundamental reconocer y celebrar la diversidad e inclusi\u00f3n como una fuente de riqueza y oportunidad para la organizaci\u00f3n. Esto implica valorar, apreciar y respetar las diferencias entre las personas, as\u00ed como fomentar el di\u00e1logo, la colaboraci\u00f3n y el aprendizaje mutuo.<\/li>\n<\/ul>\n<p>Si te interesan este tema sobre la importancia de la diversidad e inclusi\u00f3n en el \u00e1mbito laboral y otros relacionados con recursos humanos, te invitamos a que sigas nuestro <a href=\"https:\/\/www.tarahexecutive.com\/es\/blog\/\">blog<\/a>, tambi\u00e9n puedes seguirnos en nuestras redes sociales\u00a0<a href=\"https:\/\/www.facebook.com\/tarahreclutamiento\/\" target=\"_blank\" rel=\"noopener\">@TarahReclutamiento<\/a>.<\/p>","protected":false},"excerpt":{"rendered":"<p>La diversidad y la inclusi\u00f3n son dos conceptos que se refieren a la valoraci\u00f3n y el respeto de las diferencias entre las personas en el \u00e1mbito laboral. Estas diferencias pueden ser de g\u00e9nero, edad, origen, cultura, religi\u00f3n, orientaci\u00f3n sexual, discapacidad, entre otras. La diversidad y la inclusi\u00f3n no solo son cuestiones \u00e9ticas o morales, sino&#8230;<\/p>","protected":false},"author":2,"featured_media":1064,"comment_status":"closed","ping_status":"open","sticky":false,"template":"","format":"standard","meta":{"footnotes":""},"categories":[1],"tags":[],"class_list":["post-1062","post","type-post","status-publish","format-standard","has-post-thumbnail","hentry","category-blog"],"yoast_head":"\n<title>La importancia de la diversidad e inclusi\u00f3n en el \u00e1mbito laboral<\/title>\n<meta name=\"description\" content=\"En este art\u00edculo, vamos a explorar la importancia de la diversidad e inclusi\u00f3n en el \u00e1mbito laboral, as\u00ed como algunas recomendaciones.\" \/>\n<meta name=\"robots\" content=\"index, follow, max-snippet:-1, max-image-preview:large, max-video-preview:-1\" \/>\n<link rel=\"canonical\" href=\"https:\/\/www.tarahexecutive.com\/es\/blog\/la-importancia-de-la-diversidad-e-inclusion-en-el-ambito-laboral\/\" \/>\n<meta property=\"og:locale\" content=\"es_MX\" \/>\n<meta property=\"og:type\" content=\"article\" \/>\n<meta property=\"og:title\" content=\"La importancia de la diversidad e inclusi\u00f3n en el \u00e1mbito laboral\" \/>\n<meta property=\"og:description\" content=\"En este art\u00edculo, vamos a explorar la importancia de la diversidad e inclusi\u00f3n en el \u00e1mbito laboral, as\u00ed como algunas recomendaciones.\" \/>\n<meta property=\"og:url\" content=\"https:\/\/www.tarahexecutive.com\/es\/blog\/la-importancia-de-la-diversidad-e-inclusion-en-el-ambito-laboral\/\" \/>\n<meta property=\"og:site_name\" content=\"Tarah\" \/>\n<meta property=\"article:publisher\" content=\"https:\/\/www.facebook.com\/tarahreclutamiento\/\" \/>\n<meta property=\"article:published_time\" content=\"2023-09-04T21:00:19+00:00\" \/>\n<meta property=\"article:modified_time\" content=\"2023-09-05T00:33:24+00:00\" \/>\n<meta property=\"og:image\" content=\"https:\/\/www.tarahexecutive.com\/archivos\/2023\/09\/La-importancia-de-la-diversidad-e-inclusion-en-el-ambito-laboral.webp\" \/>\n\t<meta property=\"og:image:width\" content=\"1280\" \/>\n\t<meta property=\"og:image:height\" content=\"1080\" \/>\n\t<meta property=\"og:image:type\" content=\"image\/webp\" \/>\n<meta name=\"author\" content=\"Master\" \/>\n<meta name=\"twitter:card\" content=\"summary_large_image\" \/>\n<meta name=\"twitter:label1\" content=\"Escrito por\" \/>\n\t<meta name=\"twitter:data1\" content=\"Master\" \/>\n\t<meta name=\"twitter:label2\" content=\"Tiempo de lectura\" \/>\n\t<meta name=\"twitter:data2\" content=\"4 minutos\" \/>\n<script type=\"application\/ld+json\" class=\"yoast-schema-graph\">{\"@context\":\"https:\/\/schema.org\",\"@graph\":[{\"@type\":\"Article\",\"@id\":\"https:\/\/www.tarahexecutive.com\/blog\/la-importancia-de-la-diversidad-e-inclusion-en-el-ambito-laboral\/#article\",\"isPartOf\":{\"@id\":\"https:\/\/www.tarahexecutive.com\/blog\/la-importancia-de-la-diversidad-e-inclusion-en-el-ambito-laboral\/\"},\"author\":{\"name\":\"Master\",\"@id\":\"https:\/\/www.tarahexecutive.com\/#\/schema\/person\/6044266e022095cf19e23648aba21375\"},\"headline\":\"La importancia de la diversidad e inclusi\u00f3n en el \u00e1mbito laboral\",\"datePublished\":\"2023-09-04T21:00:19+00:00\",\"dateModified\":\"2023-09-05T00:33:24+00:00\",\"mainEntityOfPage\":{\"@id\":\"https:\/\/www.tarahexecutive.com\/blog\/la-importancia-de-la-diversidad-e-inclusion-en-el-ambito-laboral\/\"},\"wordCount\":779,\"publisher\":{\"@id\":\"https:\/\/www.tarahexecutive.com\/#organization\"},\"image\":{\"@id\":\"https:\/\/www.tarahexecutive.com\/blog\/la-importancia-de-la-diversidad-e-inclusion-en-el-ambito-laboral\/#primaryimage\"},\"thumbnailUrl\":\"https:\/\/www.tarahexecutive.com\/archivos\/2023\/09\/La-importancia-de-la-diversidad-e-inclusion-en-el-ambito-laboral.webp\",\"articleSection\":[\"Blog\"],\"inLanguage\":\"es\"},{\"@type\":\"WebPage\",\"@id\":\"https:\/\/www.tarahexecutive.com\/blog\/la-importancia-de-la-diversidad-e-inclusion-en-el-ambito-laboral\/\",\"url\":\"https:\/\/www.tarahexecutive.com\/blog\/la-importancia-de-la-diversidad-e-inclusion-en-el-ambito-laboral\/\",\"name\":\"La importancia de la diversidad e inclusi\u00f3n en el \u00e1mbito laboral\",\"isPartOf\":{\"@id\":\"https:\/\/www.tarahexecutive.com\/#website\"},\"primaryImageOfPage\":{\"@id\":\"https:\/\/www.tarahexecutive.com\/blog\/la-importancia-de-la-diversidad-e-inclusion-en-el-ambito-laboral\/#primaryimage\"},\"image\":{\"@id\":\"https:\/\/www.tarahexecutive.com\/blog\/la-importancia-de-la-diversidad-e-inclusion-en-el-ambito-laboral\/#primaryimage\"},\"thumbnailUrl\":\"https:\/\/www.tarahexecutive.com\/archivos\/2023\/09\/La-importancia-de-la-diversidad-e-inclusion-en-el-ambito-laboral.webp\",\"datePublished\":\"2023-09-04T21:00:19+00:00\",\"dateModified\":\"2023-09-05T00:33:24+00:00\",\"description\":\"En este art\u00edculo, vamos a explorar la importancia de la diversidad e inclusi\u00f3n en el \u00e1mbito laboral, as\u00ed como algunas recomendaciones.\",\"breadcrumb\":{\"@id\":\"https:\/\/www.tarahexecutive.com\/blog\/la-importancia-de-la-diversidad-e-inclusion-en-el-ambito-laboral\/#breadcrumb\"},\"inLanguage\":\"es\",\"potentialAction\":[{\"@type\":\"ReadAction\",\"target\":[\"https:\/\/www.tarahexecutive.com\/blog\/la-importancia-de-la-diversidad-e-inclusion-en-el-ambito-laboral\/\"]}]},{\"@type\":\"ImageObject\",\"inLanguage\":\"es\",\"@id\":\"https:\/\/www.tarahexecutive.com\/blog\/la-importancia-de-la-diversidad-e-inclusion-en-el-ambito-laboral\/#primaryimage\",\"url\":\"https:\/\/www.tarahexecutive.com\/archivos\/2023\/09\/La-importancia-de-la-diversidad-e-inclusion-en-el-ambito-laboral.webp\",\"contentUrl\":\"https:\/\/www.tarahexecutive.com\/archivos\/2023\/09\/La-importancia-de-la-diversidad-e-inclusion-en-el-ambito-laboral.webp\",\"width\":1280,\"height\":1080,\"caption\":\"La importancia de la diversidad e inclusi\u00f3n en el \u00e1mbito laboral\"},{\"@type\":\"BreadcrumbList\",\"@id\":\"https:\/\/www.tarahexecutive.com\/blog\/la-importancia-de-la-diversidad-e-inclusion-en-el-ambito-laboral\/#breadcrumb\",\"itemListElement\":[{\"@type\":\"ListItem\",\"position\":1,\"name\":\"Home\",\"item\":\"https:\/\/www.tarahexecutive.com\/\"},{\"@type\":\"ListItem\",\"position\":2,\"name\":\"La importancia de la diversidad e inclusi\u00f3n en el \u00e1mbito laboral\"}]},{\"@type\":\"WebSite\",\"@id\":\"https:\/\/www.tarahexecutive.com\/#website\",\"url\":\"https:\/\/www.tarahexecutive.com\/\",\"name\":\"TARAH\",\"description\":\"Servicio de reclutamiento ejecutivo en M\u00e9xico\",\"publisher\":{\"@id\":\"https:\/\/www.tarahexecutive.com\/#organization\"},\"potentialAction\":[{\"@type\":\"SearchAction\",\"target\":{\"@type\":\"EntryPoint\",\"urlTemplate\":\"https:\/\/www.tarahexecutive.com\/?s={search_term_string}\"},\"query-input\":{\"@type\":\"PropertyValueSpecification\",\"valueRequired\":true,\"valueName\":\"search_term_string\"}}],\"inLanguage\":\"es\"},{\"@type\":[\"Organization\",\"Place\"],\"@id\":\"https:\/\/www.tarahexecutive.com\/#organization\",\"name\":\"TARAH\",\"url\":\"https:\/\/www.tarahexecutive.com\/\",\"logo\":{\"@id\":\"https:\/\/www.tarahexecutive.com\/blog\/la-importancia-de-la-diversidad-e-inclusion-en-el-ambito-laboral\/#local-main-organization-logo\"},\"image\":{\"@id\":\"https:\/\/www.tarahexecutive.com\/blog\/la-importancia-de-la-diversidad-e-inclusion-en-el-ambito-laboral\/#local-main-organization-logo\"},\"sameAs\":[\"https:\/\/www.facebook.com\/tarahreclutamiento\/\",\"https:\/\/mx.linkedin.com\/company\/tarahsearch\",\"https:\/\/www.instagram.com\/tarah.executive\/\"],\"address\":{\"@id\":\"https:\/\/www.tarahexecutive.com\/blog\/la-importancia-de-la-diversidad-e-inclusion-en-el-ambito-laboral\/#local-main-place-address\"},\"geo\":{\"@type\":\"GeoCoordinates\",\"latitude\":\"31.6819508\",\"longitude\":\"-106.3946517\"},\"telephone\":[\"+526561000909\"],\"openingHoursSpecification\":[],\"email\":\"cristina@www.tarahexecutive.com\"},{\"@type\":\"Person\",\"@id\":\"https:\/\/www.tarahexecutive.com\/#\/schema\/person\/6044266e022095cf19e23648aba21375\",\"name\":\"Master\"},{\"@type\":\"PostalAddress\",\"@id\":\"https:\/\/www.tarahexecutive.com\/blog\/la-importancia-de-la-diversidad-e-inclusion-en-el-ambito-laboral\/#local-main-place-address\",\"streetAddress\":\"Plaza San Luis, Av. Ej\u00e9rcito Nacional 9781, Partido Senec\u00fa\",\"addressLocality\":\"Ciudad Ju\u00e1rez\",\"postalCode\":\"32459\",\"addressRegion\":\"Chihuahua\",\"addressCountry\":\"MX\"},{\"@type\":\"ImageObject\",\"inLanguage\":\"es\",\"@id\":\"https:\/\/www.tarahexecutive.com\/blog\/la-importancia-de-la-diversidad-e-inclusion-en-el-ambito-laboral\/#local-main-organization-logo\",\"url\":\"https:\/\/www.tarahexecutive.com\/archivos\/2022\/11\/Tarah.jpg\",\"contentUrl\":\"https:\/\/www.tarahexecutive.com\/archivos\/2022\/11\/Tarah.jpg\",\"width\":1200,\"height\":1200,\"caption\":\"TARAH\"}]}<\/script>\n<meta name=\"geo.placename\" content=\"Ciudad Ju\u00e1rez\" \/>\n<meta name=\"geo.position\" content=\"31.6819508;-106.3946517\" \/>\n<meta name=\"geo.region\" content=\"M\u00e9xico\" \/>\n","yoast_head_json":{"title":"La importancia de la diversidad e inclusi\u00f3n en el \u00e1mbito laboral","description":"En este art\u00edculo, vamos a explorar la importancia de la diversidad e inclusi\u00f3n en el \u00e1mbito laboral, as\u00ed como algunas recomendaciones.","robots":{"index":"index","follow":"follow","max-snippet":"max-snippet:-1","max-image-preview":"max-image-preview:large","max-video-preview":"max-video-preview:-1"},"canonical":"https:\/\/www.tarahexecutive.com\/es\/blog\/la-importancia-de-la-diversidad-e-inclusion-en-el-ambito-laboral\/","og_locale":"es_MX","og_type":"article","og_title":"La importancia de la diversidad e inclusi\u00f3n en el \u00e1mbito laboral","og_description":"En este art\u00edculo, vamos a explorar la importancia de la diversidad e inclusi\u00f3n en el \u00e1mbito laboral, as\u00ed como algunas recomendaciones.","og_url":"https:\/\/www.tarahexecutive.com\/es\/blog\/la-importancia-de-la-diversidad-e-inclusion-en-el-ambito-laboral\/","og_site_name":"Tarah","article_publisher":"https:\/\/www.facebook.com\/tarahreclutamiento\/","article_published_time":"2023-09-04T21:00:19+00:00","article_modified_time":"2023-09-05T00:33:24+00:00","og_image":[{"width":1280,"height":1080,"url":"https:\/\/www.tarahexecutive.com\/archivos\/2023\/09\/La-importancia-de-la-diversidad-e-inclusion-en-el-ambito-laboral.webp","type":"image\/webp"}],"author":"Master","twitter_card":"summary_large_image","twitter_misc":{"Escrito por":"Master","Tiempo de lectura":"4 minutos"},"schema":{"@context":"https:\/\/schema.org","@graph":[{"@type":"Article","@id":"https:\/\/www.tarahexecutive.com\/blog\/la-importancia-de-la-diversidad-e-inclusion-en-el-ambito-laboral\/#article","isPartOf":{"@id":"https:\/\/www.tarahexecutive.com\/blog\/la-importancia-de-la-diversidad-e-inclusion-en-el-ambito-laboral\/"},"author":{"name":"Master","@id":"https:\/\/www.tarahexecutive.com\/#\/schema\/person\/6044266e022095cf19e23648aba21375"},"headline":"La importancia de la diversidad e inclusi\u00f3n en el \u00e1mbito laboral","datePublished":"2023-09-04T21:00:19+00:00","dateModified":"2023-09-05T00:33:24+00:00","mainEntityOfPage":{"@id":"https:\/\/www.tarahexecutive.com\/blog\/la-importancia-de-la-diversidad-e-inclusion-en-el-ambito-laboral\/"},"wordCount":779,"publisher":{"@id":"https:\/\/www.tarahexecutive.com\/#organization"},"image":{"@id":"https:\/\/www.tarahexecutive.com\/blog\/la-importancia-de-la-diversidad-e-inclusion-en-el-ambito-laboral\/#primaryimage"},"thumbnailUrl":"https:\/\/www.tarahexecutive.com\/archivos\/2023\/09\/La-importancia-de-la-diversidad-e-inclusion-en-el-ambito-laboral.webp","articleSection":["Blog"],"inLanguage":"es"},{"@type":"WebPage","@id":"https:\/\/www.tarahexecutive.com\/blog\/la-importancia-de-la-diversidad-e-inclusion-en-el-ambito-laboral\/","url":"https:\/\/www.tarahexecutive.com\/blog\/la-importancia-de-la-diversidad-e-inclusion-en-el-ambito-laboral\/","name":"La importancia de la diversidad e inclusi\u00f3n en el \u00e1mbito laboral","isPartOf":{"@id":"https:\/\/www.tarahexecutive.com\/#website"},"primaryImageOfPage":{"@id":"https:\/\/www.tarahexecutive.com\/blog\/la-importancia-de-la-diversidad-e-inclusion-en-el-ambito-laboral\/#primaryimage"},"image":{"@id":"https:\/\/www.tarahexecutive.com\/blog\/la-importancia-de-la-diversidad-e-inclusion-en-el-ambito-laboral\/#primaryimage"},"thumbnailUrl":"https:\/\/www.tarahexecutive.com\/archivos\/2023\/09\/La-importancia-de-la-diversidad-e-inclusion-en-el-ambito-laboral.webp","datePublished":"2023-09-04T21:00:19+00:00","dateModified":"2023-09-05T00:33:24+00:00","description":"En este art\u00edculo, vamos a explorar la importancia de la diversidad e inclusi\u00f3n en el \u00e1mbito laboral, as\u00ed como algunas recomendaciones.","breadcrumb":{"@id":"https:\/\/www.tarahexecutive.com\/blog\/la-importancia-de-la-diversidad-e-inclusion-en-el-ambito-laboral\/#breadcrumb"},"inLanguage":"es","potentialAction":[{"@type":"ReadAction","target":["https:\/\/www.tarahexecutive.com\/blog\/la-importancia-de-la-diversidad-e-inclusion-en-el-ambito-laboral\/"]}]},{"@type":"ImageObject","inLanguage":"es","@id":"https:\/\/www.tarahexecutive.com\/blog\/la-importancia-de-la-diversidad-e-inclusion-en-el-ambito-laboral\/#primaryimage","url":"https:\/\/www.tarahexecutive.com\/archivos\/2023\/09\/La-importancia-de-la-diversidad-e-inclusion-en-el-ambito-laboral.webp","contentUrl":"https:\/\/www.tarahexecutive.com\/archivos\/2023\/09\/La-importancia-de-la-diversidad-e-inclusion-en-el-ambito-laboral.webp","width":1280,"height":1080,"caption":"La importancia de la diversidad e inclusi\u00f3n en el \u00e1mbito laboral"},{"@type":"BreadcrumbList","@id":"https:\/\/www.tarahexecutive.com\/blog\/la-importancia-de-la-diversidad-e-inclusion-en-el-ambito-laboral\/#breadcrumb","itemListElement":[{"@type":"ListItem","position":1,"name":"Home","item":"https:\/\/www.tarahexecutive.com\/"},{"@type":"ListItem","position":2,"name":"La importancia de la diversidad e inclusi\u00f3n en el \u00e1mbito laboral"}]},{"@type":"WebSite","@id":"https:\/\/www.tarahexecutive.com\/#website","url":"https:\/\/www.tarahexecutive.com\/","name":"TARAH","description":"Servicio de reclutamiento ejecutivo en M\u00e9xico","publisher":{"@id":"https:\/\/www.tarahexecutive.com\/#organization"},"potentialAction":[{"@type":"SearchAction","target":{"@type":"EntryPoint","urlTemplate":"https:\/\/www.tarahexecutive.com\/?s={search_term_string}"},"query-input":{"@type":"PropertyValueSpecification","valueRequired":true,"valueName":"search_term_string"}}],"inLanguage":"es"},{"@type":["Organization","Place"],"@id":"https:\/\/www.tarahexecutive.com\/#organization","name":"TARAH","url":"https:\/\/www.tarahexecutive.com\/","logo":{"@id":"https:\/\/www.tarahexecutive.com\/blog\/la-importancia-de-la-diversidad-e-inclusion-en-el-ambito-laboral\/#local-main-organization-logo"},"image":{"@id":"https:\/\/www.tarahexecutive.com\/blog\/la-importancia-de-la-diversidad-e-inclusion-en-el-ambito-laboral\/#local-main-organization-logo"},"sameAs":["https:\/\/www.facebook.com\/tarahreclutamiento\/","https:\/\/mx.linkedin.com\/company\/tarahsearch","https:\/\/www.instagram.com\/tarah.executive\/"],"address":{"@id":"https:\/\/www.tarahexecutive.com\/blog\/la-importancia-de-la-diversidad-e-inclusion-en-el-ambito-laboral\/#local-main-place-address"},"geo":{"@type":"GeoCoordinates","latitude":"31.6819508","longitude":"-106.3946517"},"telephone":["+526561000909"],"openingHoursSpecification":[],"email":"cristina@www.tarahexecutive.com"},{"@type":"Person","@id":"https:\/\/www.tarahexecutive.com\/#\/schema\/person\/6044266e022095cf19e23648aba21375","name":"Master"},{"@type":"PostalAddress","@id":"https:\/\/www.tarahexecutive.com\/blog\/la-importancia-de-la-diversidad-e-inclusion-en-el-ambito-laboral\/#local-main-place-address","streetAddress":"Plaza San Luis, Av. Ej\u00e9rcito Nacional 9781, Partido Senec\u00fa","addressLocality":"Ciudad Ju\u00e1rez","postalCode":"32459","addressRegion":"Chihuahua","addressCountry":"MX"},{"@type":"ImageObject","inLanguage":"es","@id":"https:\/\/www.tarahexecutive.com\/blog\/la-importancia-de-la-diversidad-e-inclusion-en-el-ambito-laboral\/#local-main-organization-logo","url":"https:\/\/www.tarahexecutive.com\/archivos\/2022\/11\/Tarah.jpg","contentUrl":"https:\/\/www.tarahexecutive.com\/archivos\/2022\/11\/Tarah.jpg","width":1200,"height":1200,"caption":"TARAH"}]},"geo.placename":"Ciudad Ju\u00e1rez","geo.position":{"lat":"31.6819508","long":"-106.3946517"},"geo.region":"M\u00e9xico"},"_links":{"self":[{"href":"https:\/\/www.tarahexecutive.com\/es\/wp-json\/wp\/v2\/posts\/1062","targetHints":{"allow":["GET"]}}],"collection":[{"href":"https:\/\/www.tarahexecutive.com\/es\/wp-json\/wp\/v2\/posts"}],"about":[{"href":"https:\/\/www.tarahexecutive.com\/es\/wp-json\/wp\/v2\/types\/post"}],"author":[{"embeddable":true,"href":"https:\/\/www.tarahexecutive.com\/es\/wp-json\/wp\/v2\/users\/2"}],"replies":[{"embeddable":true,"href":"https:\/\/www.tarahexecutive.com\/es\/wp-json\/wp\/v2\/comments?post=1062"}],"version-history":[{"count":0,"href":"https:\/\/www.tarahexecutive.com\/es\/wp-json\/wp\/v2\/posts\/1062\/revisions"}],"wp:featuredmedia":[{"embeddable":true,"href":"https:\/\/www.tarahexecutive.com\/es\/wp-json\/wp\/v2\/media\/1064"}],"wp:attachment":[{"href":"https:\/\/www.tarahexecutive.com\/es\/wp-json\/wp\/v2\/media?parent=1062"}],"wp:term":[{"taxonomy":"category","embeddable":true,"href":"https:\/\/www.tarahexecutive.com\/es\/wp-json\/wp\/v2\/categories?post=1062"},{"taxonomy":"post_tag","embeddable":true,"href":"https:\/\/www.tarahexecutive.com\/es\/wp-json\/wp\/v2\/tags?post=1062"}],"curies":[{"name":"wp","href":"https:\/\/api.w.org\/{rel}","templated":true}]}}