{"id":1053,"date":"2023-09-04T13:00:38","date_gmt":"2023-09-04T19:00:38","guid":{"rendered":"https:\/\/www.tarahexecutive.com\/?p=1053"},"modified":"2023-09-04T18:24:05","modified_gmt":"2023-09-05T00:24:05","slug":"la-importancia-de-la-capacitacion-en-las-empresas","status":"publish","type":"post","link":"https:\/\/www.tarahexecutive.com\/es\/blog\/la-importancia-de-la-capacitacion-en-las-empresas\/","title":{"rendered":"La importancia de la capacitaci\u00f3n en las empresas"},"content":{"rendered":"<p>En esta nota de blog, exploraremos en profundidad la importancia de la capacitaci\u00f3n en las empresas, destacando diversos subtemas que ilustran c\u00f3mo esta pr\u00e1ctica puede marcar la diferencia en el crecimiento y la prosperidad de cualquier organizaci\u00f3n.<\/p>\n<p>La capacitaci\u00f3n en las empresas es un pilar fundamental para el desarrollo y el \u00e9xito empresarial en la era moderna. En un mundo empresarial en constante evoluci\u00f3n, donde la competencia es feroz y la tecnolog\u00eda avanza a pasos agigantados, las organizaciones que invierten en la formaci\u00f3n y el desarrollo de sus empleados tienen una ventaja significativa.<\/p>\n<p><strong>1. Mejora del desempe\u00f1o individual y colectivo<\/strong><\/p>\n<p>Uno de los principales beneficios de la capacitaci\u00f3n en las empresas es la mejora del desempe\u00f1o de los empleados. Cuando los trabajadores adquieren nuevas habilidades y conocimientos, est\u00e1n mejor preparados para enfrentar los desaf\u00edos de sus roles. Esto no solo aumenta la productividad individual, sino que tambi\u00e9n contribuye al \u00e9xito colectivo de la organizaci\u00f3n.<\/p>\n<p>La capacitaci\u00f3n brinda a los empleados la oportunidad de desarrollar habilidades espec\u00edficas que son relevantes para sus tareas. Esto no solo aumenta su eficiencia, sino que tambi\u00e9n impulsa su autoestima y satisfacci\u00f3n laboral al sentirse m\u00e1s competentes en su trabajo.<\/p>\n<p><strong>2. Adaptaci\u00f3n a cambios tecnol\u00f3gicos y de mercado<\/strong><\/p>\n<p>En un mundo empresarial en constante evoluci\u00f3n, la tecnolog\u00eda y las tendencias del mercado cambian r\u00e1pidamente. Las empresas que no pueden adaptarse a estos cambios corren el riesgo de quedarse atr\u00e1s.<\/p>\n<p>La capacitaci\u00f3n permite a los empleados mantenerse actualizados en lo que respecta a las \u00faltimas tendencias y avances tecnol\u00f3gicos, lo que es esencial para la competitividad.<\/p>\n<p>Cuando los empleados est\u00e1n capacitados en nuevas tecnolog\u00edas y tendencias, la empresa est\u00e1 mejor preparada para adoptar soluciones innovadoras y responder eficazmente a las demandas cambiantes del mercado.<\/p>\n<p><strong>3. Retenci\u00f3n de Talentos y Fomento de la Lealtad de los Empleados<\/strong><\/p>\n<p>La capacitaci\u00f3n tambi\u00e9n desempe\u00f1a un papel crucial en la retenci\u00f3n de talentos. Los empleados valoran las oportunidades de aprendizaje y desarrollo dentro de sus organizaciones. Cuando una empresa invierte en la capacitaci\u00f3n y el crecimiento de sus empleados, estos tienden a sentirse m\u00e1s comprometidos y leales.<\/p>\n<p>Los programas de capacitaci\u00f3n no solo ayudan a retener a los empleados valiosos, sino que tambi\u00e9n fomentan un ambiente de trabajo en el que los trabajadores se sienten valorados y reconocidos. Esto contribuye en gran medida a la construcci\u00f3n de una cultura empresarial s\u00f3lida y positiva.<\/p>\n<p><strong>4. Aumento de la Innovaci\u00f3n y la Creatividad<\/strong><\/p>\n<p>La capacitaci\u00f3n no se trata solo de adquirir habilidades t\u00e9cnicas, sino tambi\u00e9n de fomentar la creatividad y la innovaci\u00f3n. Cuando los empleados se sienten empoderados y tienen la confianza en sus habilidades, son m\u00e1s propensos a proponer ideas nuevas y pensar de manera creativa para resolver problemas.<\/p>\n<p>Las organizaciones que promueven un ambiente de aprendizaje continuo tienden a ser m\u00e1s innovadoras y capaces de adaptarse r\u00e1pidamente a los cambios del mercado. La creatividad y la innovaci\u00f3n son factores clave para el \u00e9xito a largo plazo.<\/p>\n<p><strong>5. Cumplimiento normativo y \u00e9tico<\/strong><\/p>\n<p>La capacitaci\u00f3n tambi\u00e9n desempe\u00f1a un papel fundamental en el cumplimiento normativo y \u00e9tico. En muchas industrias, existen regulaciones estrictas que deben ser seguidas para evitar sanciones y da\u00f1os a la reputaci\u00f3n de la empresa.<\/p>\n<p>La capacitaci\u00f3n regular y actualizada en temas relacionados con el cumplimiento ayuda a garantizar que los empleados est\u00e9n al tanto de las leyes y regulaciones vigentes.<\/p>\n<p>Adem\u00e1s, la formaci\u00f3n \u00e9tica puede ayudar a prevenir comportamientos inapropiados o poco \u00e9ticos en el lugar de trabajo, lo que es esencial para mantener una cultura empresarial saludable.<\/p>\n<p><strong>6. Competitividad y crecimiento empresarial<\/strong><\/p>\n<p>En \u00faltima instancia, la capacitaci\u00f3n en las empresas es un impulsor clave de la competitividad y el crecimiento empresarial. Las organizaciones que invierten en la formaci\u00f3n de su fuerza laboral tienen una ventaja competitiva sobre aquellas que no lo hacen. Los empleados bien capacitados son un activo valioso que puede ayudar a la empresa a alcanzar sus objetivos y mantenerse por delante de la competencia.<\/p>\n<p>En resumen, la capacitaci\u00f3n en las empresas no es un gasto, sino una inversi\u00f3n estrat\u00e9gica en el \u00e9xito a largo plazo. Mejora el desempe\u00f1o individual y colectivo, fomenta la adaptaci\u00f3n a los cambios, retiene talentos, impulsa la innovaci\u00f3n, garantiza el cumplimiento normativo y promueve el crecimiento empresarial.<\/p>\n<p>En un mundo empresarial cada vez m\u00e1s desafiante, la capacitaci\u00f3n es esencial para prosperar y sobresalir. Por lo tanto, las empresas que reconocen y valoran la importancia de la capacitaci\u00f3n est\u00e1n en el camino correcto hacia el \u00e9xito sostenible.<\/p>\n<p>Si te interesan este tema sobre la importancia de la capacitaci\u00f3n en las empresas y otros relacionados con recursos humanos, te invitamos a que sigas nuestro <a href=\"https:\/\/www.tarahexecutive.com\/es\/blog\/\">blog<\/a>, tambi\u00e9n puedes seguirnos en nuestras redes sociales\u00a0<a href=\"https:\/\/www.facebook.com\/tarahreclutamiento\/\" target=\"_blank\" rel=\"noopener\">@TarahReclutamiento<\/a>.<\/p>","protected":false},"excerpt":{"rendered":"<p>En esta nota de blog, exploraremos en profundidad la importancia de la capacitaci\u00f3n en las empresas, destacando diversos subtemas que ilustran c\u00f3mo esta pr\u00e1ctica puede marcar la diferencia en el crecimiento y la prosperidad de cualquier organizaci\u00f3n. La capacitaci\u00f3n en las empresas es un pilar fundamental para el desarrollo y el \u00e9xito empresarial en la&#8230;<\/p>","protected":false},"author":2,"featured_media":1055,"comment_status":"closed","ping_status":"open","sticky":false,"template":"","format":"standard","meta":{"footnotes":""},"categories":[1],"tags":[],"class_list":["post-1053","post","type-post","status-publish","format-standard","has-post-thumbnail","hentry","category-blog"],"yoast_head":"\n<title>La importancia de la capacitaci\u00f3n en las empresas | Tarah<\/title>\n<meta name=\"description\" content=\"En esta nota de blog, exploraremos en profundidad la importancia de la capacitaci\u00f3n en las empresas, y como puede marcar la diferencia.\" \/>\n<meta name=\"robots\" content=\"index, follow, max-snippet:-1, max-image-preview:large, max-video-preview:-1\" \/>\n<link rel=\"canonical\" href=\"https:\/\/www.tarahexecutive.com\/es\/blog\/la-importancia-de-la-capacitacion-en-las-empresas\/\" \/>\n<meta property=\"og:locale\" content=\"es_MX\" \/>\n<meta property=\"og:type\" content=\"article\" \/>\n<meta property=\"og:title\" content=\"La importancia de la capacitaci\u00f3n en las empresas\" \/>\n<meta property=\"og:description\" content=\"En esta nota de blog, exploraremos en profundidad la importancia de la capacitaci\u00f3n en las empresas, y como puede marcar la diferencia.\" \/>\n<meta property=\"og:url\" content=\"https:\/\/www.tarahexecutive.com\/es\/blog\/la-importancia-de-la-capacitacion-en-las-empresas\/\" \/>\n<meta property=\"og:site_name\" content=\"Tarah\" \/>\n<meta property=\"article:publisher\" content=\"https:\/\/www.facebook.com\/tarahreclutamiento\/\" \/>\n<meta property=\"article:published_time\" content=\"2023-09-04T19:00:38+00:00\" \/>\n<meta property=\"article:modified_time\" content=\"2023-09-05T00:24:05+00:00\" \/>\n<meta property=\"og:image\" content=\"https:\/\/www.tarahexecutive.com\/archivos\/2023\/09\/La-importancia-de-la-capacitacion-en-las-empresas.webp\" \/>\n\t<meta property=\"og:image:width\" content=\"1280\" \/>\n\t<meta property=\"og:image:height\" content=\"1080\" \/>\n\t<meta property=\"og:image:type\" content=\"image\/webp\" \/>\n<meta name=\"author\" content=\"Master\" \/>\n<meta name=\"twitter:card\" content=\"summary_large_image\" \/>\n<meta name=\"twitter:label1\" content=\"Escrito por\" \/>\n\t<meta name=\"twitter:data1\" content=\"Master\" \/>\n\t<meta name=\"twitter:label2\" content=\"Tiempo de lectura\" \/>\n\t<meta name=\"twitter:data2\" content=\"4 minutos\" \/>\n<script type=\"application\/ld+json\" class=\"yoast-schema-graph\">{\"@context\":\"https:\/\/schema.org\",\"@graph\":[{\"@type\":\"Article\",\"@id\":\"https:\/\/www.tarahexecutive.com\/blog\/la-importancia-de-la-capacitacion-en-las-empresas\/#article\",\"isPartOf\":{\"@id\":\"https:\/\/www.tarahexecutive.com\/blog\/la-importancia-de-la-capacitacion-en-las-empresas\/\"},\"author\":{\"name\":\"Master\",\"@id\":\"https:\/\/www.tarahexecutive.com\/#\/schema\/person\/6044266e022095cf19e23648aba21375\"},\"headline\":\"La importancia de la capacitaci\u00f3n en las empresas\",\"datePublished\":\"2023-09-04T19:00:38+00:00\",\"dateModified\":\"2023-09-05T00:24:05+00:00\",\"mainEntityOfPage\":{\"@id\":\"https:\/\/www.tarahexecutive.com\/blog\/la-importancia-de-la-capacitacion-en-las-empresas\/\"},\"wordCount\":844,\"publisher\":{\"@id\":\"https:\/\/www.tarahexecutive.com\/#organization\"},\"image\":{\"@id\":\"https:\/\/www.tarahexecutive.com\/blog\/la-importancia-de-la-capacitacion-en-las-empresas\/#primaryimage\"},\"thumbnailUrl\":\"https:\/\/www.tarahexecutive.com\/archivos\/2023\/09\/La-importancia-de-la-capacitacion-en-las-empresas.webp\",\"articleSection\":[\"Blog\"],\"inLanguage\":\"es\"},{\"@type\":\"WebPage\",\"@id\":\"https:\/\/www.tarahexecutive.com\/blog\/la-importancia-de-la-capacitacion-en-las-empresas\/\",\"url\":\"https:\/\/www.tarahexecutive.com\/blog\/la-importancia-de-la-capacitacion-en-las-empresas\/\",\"name\":\"La importancia de la capacitaci\u00f3n en las empresas | Tarah\",\"isPartOf\":{\"@id\":\"https:\/\/www.tarahexecutive.com\/#website\"},\"primaryImageOfPage\":{\"@id\":\"https:\/\/www.tarahexecutive.com\/blog\/la-importancia-de-la-capacitacion-en-las-empresas\/#primaryimage\"},\"image\":{\"@id\":\"https:\/\/www.tarahexecutive.com\/blog\/la-importancia-de-la-capacitacion-en-las-empresas\/#primaryimage\"},\"thumbnailUrl\":\"https:\/\/www.tarahexecutive.com\/archivos\/2023\/09\/La-importancia-de-la-capacitacion-en-las-empresas.webp\",\"datePublished\":\"2023-09-04T19:00:38+00:00\",\"dateModified\":\"2023-09-05T00:24:05+00:00\",\"description\":\"En esta nota de blog, exploraremos en profundidad la importancia de la capacitaci\u00f3n en las empresas, y como puede marcar la diferencia.\",\"breadcrumb\":{\"@id\":\"https:\/\/www.tarahexecutive.com\/blog\/la-importancia-de-la-capacitacion-en-las-empresas\/#breadcrumb\"},\"inLanguage\":\"es\",\"potentialAction\":[{\"@type\":\"ReadAction\",\"target\":[\"https:\/\/www.tarahexecutive.com\/blog\/la-importancia-de-la-capacitacion-en-las-empresas\/\"]}]},{\"@type\":\"ImageObject\",\"inLanguage\":\"es\",\"@id\":\"https:\/\/www.tarahexecutive.com\/blog\/la-importancia-de-la-capacitacion-en-las-empresas\/#primaryimage\",\"url\":\"https:\/\/www.tarahexecutive.com\/archivos\/2023\/09\/La-importancia-de-la-capacitacion-en-las-empresas.webp\",\"contentUrl\":\"https:\/\/www.tarahexecutive.com\/archivos\/2023\/09\/La-importancia-de-la-capacitacion-en-las-empresas.webp\",\"width\":1280,\"height\":1080,\"caption\":\"La importancia de la capacitaci\u00f3n en las empresas\"},{\"@type\":\"BreadcrumbList\",\"@id\":\"https:\/\/www.tarahexecutive.com\/blog\/la-importancia-de-la-capacitacion-en-las-empresas\/#breadcrumb\",\"itemListElement\":[{\"@type\":\"ListItem\",\"position\":1,\"name\":\"Home\",\"item\":\"https:\/\/www.tarahexecutive.com\/\"},{\"@type\":\"ListItem\",\"position\":2,\"name\":\"La importancia de la capacitaci\u00f3n en las empresas\"}]},{\"@type\":\"WebSite\",\"@id\":\"https:\/\/www.tarahexecutive.com\/#website\",\"url\":\"https:\/\/www.tarahexecutive.com\/\",\"name\":\"TARAH\",\"description\":\"Servicio de reclutamiento ejecutivo en M\u00e9xico\",\"publisher\":{\"@id\":\"https:\/\/www.tarahexecutive.com\/#organization\"},\"potentialAction\":[{\"@type\":\"SearchAction\",\"target\":{\"@type\":\"EntryPoint\",\"urlTemplate\":\"https:\/\/www.tarahexecutive.com\/?s={search_term_string}\"},\"query-input\":{\"@type\":\"PropertyValueSpecification\",\"valueRequired\":true,\"valueName\":\"search_term_string\"}}],\"inLanguage\":\"es\"},{\"@type\":[\"Organization\",\"Place\"],\"@id\":\"https:\/\/www.tarahexecutive.com\/#organization\",\"name\":\"TARAH\",\"url\":\"https:\/\/www.tarahexecutive.com\/\",\"logo\":{\"@id\":\"https:\/\/www.tarahexecutive.com\/blog\/la-importancia-de-la-capacitacion-en-las-empresas\/#local-main-organization-logo\"},\"image\":{\"@id\":\"https:\/\/www.tarahexecutive.com\/blog\/la-importancia-de-la-capacitacion-en-las-empresas\/#local-main-organization-logo\"},\"sameAs\":[\"https:\/\/www.facebook.com\/tarahreclutamiento\/\",\"https:\/\/mx.linkedin.com\/company\/tarahsearch\",\"https:\/\/www.instagram.com\/tarah.executive\/\"],\"address\":{\"@id\":\"https:\/\/www.tarahexecutive.com\/blog\/la-importancia-de-la-capacitacion-en-las-empresas\/#local-main-place-address\"},\"geo\":{\"@type\":\"GeoCoordinates\",\"latitude\":\"31.6819508\",\"longitude\":\"-106.3946517\"},\"telephone\":[\"+526561000909\"],\"openingHoursSpecification\":[],\"email\":\"cristina@www.tarahexecutive.com\"},{\"@type\":\"Person\",\"@id\":\"https:\/\/www.tarahexecutive.com\/#\/schema\/person\/6044266e022095cf19e23648aba21375\",\"name\":\"Master\"},{\"@type\":\"PostalAddress\",\"@id\":\"https:\/\/www.tarahexecutive.com\/blog\/la-importancia-de-la-capacitacion-en-las-empresas\/#local-main-place-address\",\"streetAddress\":\"Plaza San Luis, Av. Ej\u00e9rcito Nacional 9781, Partido Senec\u00fa\",\"addressLocality\":\"Ciudad Ju\u00e1rez\",\"postalCode\":\"32459\",\"addressRegion\":\"Chihuahua\",\"addressCountry\":\"MX\"},{\"@type\":\"ImageObject\",\"inLanguage\":\"es\",\"@id\":\"https:\/\/www.tarahexecutive.com\/blog\/la-importancia-de-la-capacitacion-en-las-empresas\/#local-main-organization-logo\",\"url\":\"https:\/\/www.tarahexecutive.com\/archivos\/2022\/11\/Tarah.jpg\",\"contentUrl\":\"https:\/\/www.tarahexecutive.com\/archivos\/2022\/11\/Tarah.jpg\",\"width\":1200,\"height\":1200,\"caption\":\"TARAH\"}]}<\/script>\n<meta name=\"geo.placename\" content=\"Ciudad Ju\u00e1rez\" \/>\n<meta name=\"geo.position\" content=\"31.6819508;-106.3946517\" \/>\n<meta name=\"geo.region\" content=\"M\u00e9xico\" \/>\n","yoast_head_json":{"title":"La importancia de la capacitaci\u00f3n en las empresas | Tarah","description":"En esta nota de blog, exploraremos en profundidad la importancia de la capacitaci\u00f3n en las empresas, y como puede marcar la diferencia.","robots":{"index":"index","follow":"follow","max-snippet":"max-snippet:-1","max-image-preview":"max-image-preview:large","max-video-preview":"max-video-preview:-1"},"canonical":"https:\/\/www.tarahexecutive.com\/es\/blog\/la-importancia-de-la-capacitacion-en-las-empresas\/","og_locale":"es_MX","og_type":"article","og_title":"La importancia de la capacitaci\u00f3n en las empresas","og_description":"En esta nota de blog, exploraremos en profundidad la importancia de la capacitaci\u00f3n en las empresas, y como puede marcar la diferencia.","og_url":"https:\/\/www.tarahexecutive.com\/es\/blog\/la-importancia-de-la-capacitacion-en-las-empresas\/","og_site_name":"Tarah","article_publisher":"https:\/\/www.facebook.com\/tarahreclutamiento\/","article_published_time":"2023-09-04T19:00:38+00:00","article_modified_time":"2023-09-05T00:24:05+00:00","og_image":[{"width":1280,"height":1080,"url":"https:\/\/www.tarahexecutive.com\/archivos\/2023\/09\/La-importancia-de-la-capacitacion-en-las-empresas.webp","type":"image\/webp"}],"author":"Master","twitter_card":"summary_large_image","twitter_misc":{"Escrito por":"Master","Tiempo de lectura":"4 minutos"},"schema":{"@context":"https:\/\/schema.org","@graph":[{"@type":"Article","@id":"https:\/\/www.tarahexecutive.com\/blog\/la-importancia-de-la-capacitacion-en-las-empresas\/#article","isPartOf":{"@id":"https:\/\/www.tarahexecutive.com\/blog\/la-importancia-de-la-capacitacion-en-las-empresas\/"},"author":{"name":"Master","@id":"https:\/\/www.tarahexecutive.com\/#\/schema\/person\/6044266e022095cf19e23648aba21375"},"headline":"La importancia de la capacitaci\u00f3n en las empresas","datePublished":"2023-09-04T19:00:38+00:00","dateModified":"2023-09-05T00:24:05+00:00","mainEntityOfPage":{"@id":"https:\/\/www.tarahexecutive.com\/blog\/la-importancia-de-la-capacitacion-en-las-empresas\/"},"wordCount":844,"publisher":{"@id":"https:\/\/www.tarahexecutive.com\/#organization"},"image":{"@id":"https:\/\/www.tarahexecutive.com\/blog\/la-importancia-de-la-capacitacion-en-las-empresas\/#primaryimage"},"thumbnailUrl":"https:\/\/www.tarahexecutive.com\/archivos\/2023\/09\/La-importancia-de-la-capacitacion-en-las-empresas.webp","articleSection":["Blog"],"inLanguage":"es"},{"@type":"WebPage","@id":"https:\/\/www.tarahexecutive.com\/blog\/la-importancia-de-la-capacitacion-en-las-empresas\/","url":"https:\/\/www.tarahexecutive.com\/blog\/la-importancia-de-la-capacitacion-en-las-empresas\/","name":"La importancia de la capacitaci\u00f3n en las empresas | Tarah","isPartOf":{"@id":"https:\/\/www.tarahexecutive.com\/#website"},"primaryImageOfPage":{"@id":"https:\/\/www.tarahexecutive.com\/blog\/la-importancia-de-la-capacitacion-en-las-empresas\/#primaryimage"},"image":{"@id":"https:\/\/www.tarahexecutive.com\/blog\/la-importancia-de-la-capacitacion-en-las-empresas\/#primaryimage"},"thumbnailUrl":"https:\/\/www.tarahexecutive.com\/archivos\/2023\/09\/La-importancia-de-la-capacitacion-en-las-empresas.webp","datePublished":"2023-09-04T19:00:38+00:00","dateModified":"2023-09-05T00:24:05+00:00","description":"En esta nota de blog, exploraremos en profundidad la importancia de la capacitaci\u00f3n en las empresas, y como puede marcar la diferencia.","breadcrumb":{"@id":"https:\/\/www.tarahexecutive.com\/blog\/la-importancia-de-la-capacitacion-en-las-empresas\/#breadcrumb"},"inLanguage":"es","potentialAction":[{"@type":"ReadAction","target":["https:\/\/www.tarahexecutive.com\/blog\/la-importancia-de-la-capacitacion-en-las-empresas\/"]}]},{"@type":"ImageObject","inLanguage":"es","@id":"https:\/\/www.tarahexecutive.com\/blog\/la-importancia-de-la-capacitacion-en-las-empresas\/#primaryimage","url":"https:\/\/www.tarahexecutive.com\/archivos\/2023\/09\/La-importancia-de-la-capacitacion-en-las-empresas.webp","contentUrl":"https:\/\/www.tarahexecutive.com\/archivos\/2023\/09\/La-importancia-de-la-capacitacion-en-las-empresas.webp","width":1280,"height":1080,"caption":"La importancia de la capacitaci\u00f3n en las empresas"},{"@type":"BreadcrumbList","@id":"https:\/\/www.tarahexecutive.com\/blog\/la-importancia-de-la-capacitacion-en-las-empresas\/#breadcrumb","itemListElement":[{"@type":"ListItem","position":1,"name":"Home","item":"https:\/\/www.tarahexecutive.com\/"},{"@type":"ListItem","position":2,"name":"La importancia de la capacitaci\u00f3n en las empresas"}]},{"@type":"WebSite","@id":"https:\/\/www.tarahexecutive.com\/#website","url":"https:\/\/www.tarahexecutive.com\/","name":"TARAH","description":"Servicio de reclutamiento ejecutivo en M\u00e9xico","publisher":{"@id":"https:\/\/www.tarahexecutive.com\/#organization"},"potentialAction":[{"@type":"SearchAction","target":{"@type":"EntryPoint","urlTemplate":"https:\/\/www.tarahexecutive.com\/?s={search_term_string}"},"query-input":{"@type":"PropertyValueSpecification","valueRequired":true,"valueName":"search_term_string"}}],"inLanguage":"es"},{"@type":["Organization","Place"],"@id":"https:\/\/www.tarahexecutive.com\/#organization","name":"TARAH","url":"https:\/\/www.tarahexecutive.com\/","logo":{"@id":"https:\/\/www.tarahexecutive.com\/blog\/la-importancia-de-la-capacitacion-en-las-empresas\/#local-main-organization-logo"},"image":{"@id":"https:\/\/www.tarahexecutive.com\/blog\/la-importancia-de-la-capacitacion-en-las-empresas\/#local-main-organization-logo"},"sameAs":["https:\/\/www.facebook.com\/tarahreclutamiento\/","https:\/\/mx.linkedin.com\/company\/tarahsearch","https:\/\/www.instagram.com\/tarah.executive\/"],"address":{"@id":"https:\/\/www.tarahexecutive.com\/blog\/la-importancia-de-la-capacitacion-en-las-empresas\/#local-main-place-address"},"geo":{"@type":"GeoCoordinates","latitude":"31.6819508","longitude":"-106.3946517"},"telephone":["+526561000909"],"openingHoursSpecification":[],"email":"cristina@www.tarahexecutive.com"},{"@type":"Person","@id":"https:\/\/www.tarahexecutive.com\/#\/schema\/person\/6044266e022095cf19e23648aba21375","name":"Master"},{"@type":"PostalAddress","@id":"https:\/\/www.tarahexecutive.com\/blog\/la-importancia-de-la-capacitacion-en-las-empresas\/#local-main-place-address","streetAddress":"Plaza San Luis, Av. Ej\u00e9rcito Nacional 9781, Partido Senec\u00fa","addressLocality":"Ciudad Ju\u00e1rez","postalCode":"32459","addressRegion":"Chihuahua","addressCountry":"MX"},{"@type":"ImageObject","inLanguage":"es","@id":"https:\/\/www.tarahexecutive.com\/blog\/la-importancia-de-la-capacitacion-en-las-empresas\/#local-main-organization-logo","url":"https:\/\/www.tarahexecutive.com\/archivos\/2022\/11\/Tarah.jpg","contentUrl":"https:\/\/www.tarahexecutive.com\/archivos\/2022\/11\/Tarah.jpg","width":1200,"height":1200,"caption":"TARAH"}]},"geo.placename":"Ciudad Ju\u00e1rez","geo.position":{"lat":"31.6819508","long":"-106.3946517"},"geo.region":"M\u00e9xico"},"_links":{"self":[{"href":"https:\/\/www.tarahexecutive.com\/es\/wp-json\/wp\/v2\/posts\/1053","targetHints":{"allow":["GET"]}}],"collection":[{"href":"https:\/\/www.tarahexecutive.com\/es\/wp-json\/wp\/v2\/posts"}],"about":[{"href":"https:\/\/www.tarahexecutive.com\/es\/wp-json\/wp\/v2\/types\/post"}],"author":[{"embeddable":true,"href":"https:\/\/www.tarahexecutive.com\/es\/wp-json\/wp\/v2\/users\/2"}],"replies":[{"embeddable":true,"href":"https:\/\/www.tarahexecutive.com\/es\/wp-json\/wp\/v2\/comments?post=1053"}],"version-history":[{"count":0,"href":"https:\/\/www.tarahexecutive.com\/es\/wp-json\/wp\/v2\/posts\/1053\/revisions"}],"wp:featuredmedia":[{"embeddable":true,"href":"https:\/\/www.tarahexecutive.com\/es\/wp-json\/wp\/v2\/media\/1055"}],"wp:attachment":[{"href":"https:\/\/www.tarahexecutive.com\/es\/wp-json\/wp\/v2\/media?parent=1053"}],"wp:term":[{"taxonomy":"category","embeddable":true,"href":"https:\/\/www.tarahexecutive.com\/es\/wp-json\/wp\/v2\/categories?post=1053"},{"taxonomy":"post_tag","embeddable":true,"href":"https:\/\/www.tarahexecutive.com\/es\/wp-json\/wp\/v2\/tags?post=1053"}],"curies":[{"name":"wp","href":"https:\/\/api.w.org\/{rel}","templated":true}]}}